{"id":10375,"date":"2019-08-21T17:07:58","date_gmt":"2019-08-21T22:07:58","guid":{"rendered":"http:\/\/diariodigitalmx.com\/?p=10375"},"modified":"2019-08-21T17:08:00","modified_gmt":"2019-08-21T22:08:00","slug":"muere-celso-pina-sufre-infarto-a-los-66-anos-de-edad","status":"publish","type":"post","link":"https:\/\/diariodigitalmx.com\/index.php\/2019\/08\/21\/muere-celso-pina-sufre-infarto-a-los-66-anos-de-edad\/","title":{"rendered":"Muere Celso Pi\u00f1a; sufre infarto a los 66 a\u00f1os de edad"},"content":{"rendered":"\n<p>Alejandro Zea, representante de &#8220;El Rebelde del Acorde\u00f3n&#8221;, confirm\u00f3 la noticia de la p\u00e9rdida del cantante y acordeonista, orgullo de &#8220;El Cerro de la Campana&#8221;.&nbsp;<\/p>\n\n\n\n<p>Sollozando y sin palabras para aceptar la p\u00e9rdida de su amigo, Zea dijo que la muerte de Celso ocurri\u00f3 en el Hospital San Vicente.<\/p>\n\n\n\n<p>&#8220;Estamos ahorita en eso. Eso pas\u00f3 (muerte), no tengo mucho qu\u00e9 decir&#8221;.<\/p>\n\n\n\n<p>Al cuestionarle a qu\u00e9 hora sucedi\u00f3 el deceso de Celso, dijo que fue hace unas horas, sin precisar m\u00e1s detalles.<\/p>\n\n\n\n<p>&#8220;Aqu\u00ed muri\u00f3&#8221;, coment\u00f3 entre sollozos.<\/p>\n\n\n\n<p>En medio de una veintena de medios de comunicaci\u00f3n, a las 16:07 horas lleg\u00f3 al nosocomio una unidad de Funerarias Gayosso para trasladar el cuerpo de Celso.<\/p>\n\n\n\n<p>En el s\u00f3tano del hospital se pudo observar a Rub\u00e9n Pi\u00f1a, hermano del cantante, quien evadi\u00f3 hablar con la prensa. Hasta este momento la familia del artista no se ha pronunciado.&nbsp;<\/p>\n\n\n\n<p>Su oficina, La Tuna R\u00e9cords, extendi\u00f3 un comunicado.<\/p>\n\n\n\n<p>&#8220;Con profundo dolor comunicamos la inesperada partida del maestro Celso Pi\u00f1a, quien falleci\u00f3 hoy en Monterrey a las 12:38 pm a causa de un infart\u00f3&#8221;.<\/p>\n\n\n\n<p>&#8220;Nuestro mas sentido p\u00e9same a su familia, amigos y seguidores. Nos quedamos con un inmenso vac\u00edo, pero nos deja un gran legado musical. Agradecemos respetar la privacidad de la familia. Descanse en Paz Celso Pi\u00f1a, El Rebelde del Acorde\u00f3n&#8221;.<\/p>\n\n\n\n<p>Con el rostro desencajado y sin tener informaci\u00f3n m\u00e1s la que se ha dado a conocer en la prensa, la 16:18 horas lleg\u00f3 una hermana de Celso, pero un vigilante del hospital no dej\u00f3 que hablara con los medios.<\/p>\n\n\n\n<p>Con su estilo musical \u00fanico se apropi\u00f3 de la m\u00fasica colombiana y se volvi\u00f3 adem\u00e1s todo un s\u00edmbolo cultural regio.<\/p>\n","protected":false},"excerpt":{"rendered":"<p>Alejandro Zea, representante de &#8220;El Rebelde del Acorde\u00f3n&#8221;, confirm\u00f3 la noticia de la p\u00e9rdida del cantante y acordeonista, orgullo de &#8220;El Cerro de la Campana&#8221;.&nbsp; Sollozando y sin palabras para aceptar la p\u00e9rdida de su amigo, Zea dijo que la muerte de Celso ocurri\u00f3 en el Hospital San Vicente. &#8220;Estamos ahorita en eso. Eso pas\u00f3 [&hellip;]<\/p>\n","protected":false},"author":1,"featured_media":10377,"comment_status":"open","ping_status":"open","sticky":true,"template":"","format":"standard","meta":{"footnotes":""},"categories":[9],"tags":[],"_links":{"self":[{"href":"https:\/\/diariodigitalmx.com\/index.php\/wp-json\/wp\/v2\/posts\/10375"}],"collection":[{"href":"https:\/\/diariodigitalmx.com\/index.php\/wp-json\/wp\/v2\/posts"}],"about":[{"href":"https:\/\/diariodigitalmx.com\/index.php\/wp-json\/wp\/v2\/types\/post"}],"author":[{"embeddable":true,"href":"https:\/\/diariodigitalmx.com\/index.php\/wp-json\/wp\/v2\/users\/1"}],"replies":[{"embeddable":true,"href":"https:\/\/diariodigitalmx.com\/index.php\/wp-json\/wp\/v2\/comments?post=10375"}],"version-history":[{"count":2,"href":"https:\/\/diariodigitalmx.com\/index.php\/wp-json\/wp\/v2\/posts\/10375\/revisions"}],"predecessor-version":[{"id":10378,"href":"https:\/\/diariodigitalmx.com\/index.php\/wp-json\/wp\/v2\/posts\/10375\/revisions\/10378"}],"wp:featuredmedia":[{"embeddable":true,"href":"https:\/\/diariodigitalmx.com\/index.php\/wp-json\/wp\/v2\/media\/10377"}],"wp:attachment":[{"href":"https:\/\/diariodigitalmx.com\/index.php\/wp-json\/wp\/v2\/media?parent=10375"}],"wp:term":[{"taxonomy":"category","embeddable":true,"href":"https:\/\/diariodigitalmx.com\/index.php\/wp-json\/wp\/v2\/categories?post=10375"},{"taxonomy":"post_tag","embeddable":true,"href":"https:\/\/diariodigitalmx.com\/index.php\/wp-json\/wp\/v2\/tags?post=10375"}],"curies":[{"name":"wp","href":"https:\/\/api.w.org\/{rel}","templated":true}]}}