{"id":10379,"date":"2019-08-21T17:12:13","date_gmt":"2019-08-21T22:12:13","guid":{"rendered":"http:\/\/diariodigitalmx.com\/?p=10379"},"modified":"2019-08-22T06:33:57","modified_gmt":"2019-08-22T11:33:57","slug":"adios-emperador-y-embajador-del-vallenato-regiomontano","status":"publish","type":"post","link":"https:\/\/diariodigitalmx.com\/index.php\/2019\/08\/21\/adios-emperador-y-embajador-del-vallenato-regiomontano\/","title":{"rendered":"Adi\u00f3s emperador y embajador del vallenato regiomontano"},"content":{"rendered":"\n<p>Pedro Garc\u00eda Trevi\u00f1o<\/p>\n\n\n\n<p> Como el viento que baja volando\/por las faldas de la gran monta\u00f1a\/as\u00ed llegan a mi los recuerdos\/cuando eras mi novia idolatrada\/&#8230;<br>Ahhh, Celso, Celso. Celso&#8230;Casi de la nada, poco a poco, fuiste fraguando una carrera que consolidaste de manera universal, porque te convertiste en un Artista internacional, ya que dominabas lo que hac\u00edas, impulsado por la pasi\u00f3n que le pusiste al acorde\u00f3n y a las canciones, con tu voz profunda que irrumpi\u00f3 del hondo barrio del cual tomaste el atav\u00edo natural, puesto que as\u00ed te presentabas en cuanto escenario pisaste, colmando de sensaciones, con ese ritmo urbano que embruja.<br>Pero el tiempo ha corrido de prisa\/y a querido violar tu belleza\/que me importa si tengo la dicha de haber sido tu amante en primavera\/<br>Supe de ti por la informaci\u00f3n popular, es decir, de boca en boca, en los barrios del sur de Monterrey donde ya el vallenato hab\u00eda sembrado su semilla desde aquellos tremendos Corraleros del Majagual que resonaban en algunas estaciones de radio y causaban furor en los bailes de quincea\u00f1eras, bodas o nom\u00e1s porque la raza los hab\u00eda adoptado y atrapado en las enormes radiograbadoras que la muchachada cargaba al hombro: \u00a1we, we, we, we, we!<br>De la enso\u00f1aci\u00f3n que me causaban la Sonora Santanera y Mike Laure, mis o\u00eddos comenzaron a colmarse de vallenato. Los conjuntos colombianos fueron un caudaloso g\u00e9nero de m\u00fasicos de primer orden.Luego, como la germinaci\u00f3n, surgiste t\u00fa Celso, fertilizado de audacia y atrevimiento. Comenzaste a dar tallos y flores musicales y lideraste una corola derramada en numerosos grupos de vallenato que tambi\u00e9n cobraron fama popular.<br>De la colonia Independencia pas\u00e9 a lo que hoy es Laderas del  Mirador y t\u00fa, Celso, eras un emperador. De ah\u00ed, del cerro Del Mirador bajaba el viento, volando por sus faldas: era el aroma de tu m\u00fasica y de tus sentimientos populares.Como pasa con los \u00eddolos populares, tu muerte nos agarr\u00f3 desprevenidos; la cara se nos ha llenado de tristeza, luego ser\u00e1 de nostalgia, posteriormente ser\u00e1 un recuerdo que ir\u00e1 asent\u00e1ndose para dar paso a la leyenda, tu leyenda Celso.<br>Apesar de las a\u00f1os vividos\/no ha cambiado el amor ni la dicha\/y en tu pelo reci\u00e9n blanquecido\/hay aromas de ni\u00f1a bonita\/<br>Lara, lala&#8230;la&#8230;Lara lala..la&#8230;\/<br>Adi\u00f3s emperador, y nuestro embajador del vallenato regiomontano. Te has ido pero nos quedan tus cartas credenciales, las de un m\u00fasico entra\u00f1able, como los tenemos en otros artistas, emblem\u00e1ticos de otros g\u00e9neros.<br><\/p>\n","protected":false},"excerpt":{"rendered":"<p>Pedro Garc\u00eda Trevi\u00f1o Como el viento que baja volando\/por las faldas de la gran monta\u00f1a\/as\u00ed llegan a mi los recuerdos\/cuando eras mi novia idolatrada\/&#8230;Ahhh, Celso, Celso. Celso&#8230;Casi de la nada, poco a poco, fuiste fraguando una carrera que consolidaste de manera universal, porque te convertiste en un Artista internacional, ya que dominabas lo que hac\u00edas, [&hellip;]<\/p>\n","protected":false},"author":1,"featured_media":10380,"comment_status":"open","ping_status":"open","sticky":true,"template":"","format":"standard","meta":{"footnotes":""},"categories":[9],"tags":[],"_links":{"self":[{"href":"https:\/\/diariodigitalmx.com\/index.php\/wp-json\/wp\/v2\/posts\/10379"}],"collection":[{"href":"https:\/\/diariodigitalmx.com\/index.php\/wp-json\/wp\/v2\/posts"}],"about":[{"href":"https:\/\/diariodigitalmx.com\/index.php\/wp-json\/wp\/v2\/types\/post"}],"author":[{"embeddable":true,"href":"https:\/\/diariodigitalmx.com\/index.php\/wp-json\/wp\/v2\/users\/1"}],"replies":[{"embeddable":true,"href":"https:\/\/diariodigitalmx.com\/index.php\/wp-json\/wp\/v2\/comments?post=10379"}],"version-history":[{"count":1,"href":"https:\/\/diariodigitalmx.com\/index.php\/wp-json\/wp\/v2\/posts\/10379\/revisions"}],"predecessor-version":[{"id":10381,"href":"https:\/\/diariodigitalmx.com\/index.php\/wp-json\/wp\/v2\/posts\/10379\/revisions\/10381"}],"wp:featuredmedia":[{"embeddable":true,"href":"https:\/\/diariodigitalmx.com\/index.php\/wp-json\/wp\/v2\/media\/10380"}],"wp:attachment":[{"href":"https:\/\/diariodigitalmx.com\/index.php\/wp-json\/wp\/v2\/media?parent=10379"}],"wp:term":[{"taxonomy":"category","embeddable":true,"href":"https:\/\/diariodigitalmx.com\/index.php\/wp-json\/wp\/v2\/categories?post=10379"},{"taxonomy":"post_tag","embeddable":true,"href":"https:\/\/diariodigitalmx.com\/index.php\/wp-json\/wp\/v2\/tags?post=10379"}],"curies":[{"name":"wp","href":"https:\/\/api.w.org\/{rel}","templated":true}]}}