{"id":10382,"date":"2019-08-21T17:30:05","date_gmt":"2019-08-21T22:30:05","guid":{"rendered":"http:\/\/diariodigitalmx.com\/?p=10382"},"modified":"2019-08-21T17:30:06","modified_gmt":"2019-08-21T22:30:06","slug":"es-mayor-a-los-anticipado-la-desaceleracion-economica-interna-banxico","status":"publish","type":"post","link":"https:\/\/diariodigitalmx.com\/index.php\/2019\/08\/21\/es-mayor-a-los-anticipado-la-desaceleracion-economica-interna-banxico\/","title":{"rendered":"Es mayor a los anticipado la desaceleraci\u00f3n econ\u00f3mica interna: Banxico"},"content":{"rendered":"\n<p>La econom\u00eda mexicana ha registrado un muy bajo crecimiento promedio en los \u00faltimos cinco trimestres, lo que habla de cierto estancamiento, se\u00f1al\u00f3 el gobernador del Banco de M\u00e9xico (Banxico), Alejandro D\u00edaz de Le\u00f3n Carrillo.<\/p>\n\n\n\n<p>Durante su participaci\u00f3n en el Foro Estrategia Banorte 2019, \u201cEl reto social de la banca\u201d, dijo que este estancamiento de la actividad econ\u00f3mica se debe a la reducci\u00f3n de la producci\u00f3n industrial y a cierta desaceleraci\u00f3n de los servicios.<\/p>\n\n\n\n<p>\u201cClaramente estamos enfrentando un entorno de desaceleraci\u00f3n interna que ha sido mayor a lo que se ten\u00eda anticipado y el entorno externo no ha ayudado\u201d, subray\u00f3 el banquero central.<\/p>\n\n\n\n<p>Agreg\u00f3 que la actividad econ\u00f3mica crece por debajo de su ritmo potencial y en \u00faltimos meses se ha ampliado esta brecha, \u201chay cierta capacidad no utilizada en la econom\u00eda y esto explica parte de esta desaceleraci\u00f3n\u201d.<\/p>\n\n\n\n<p>As\u00ed, al igual que el entorno mundial adverso, la econom\u00eda mexicana enfrenta una desaceleraci\u00f3n econ\u00f3mica, pero tambi\u00e9n con menor inflaci\u00f3n y con un entorno de bajas tasas de inter\u00e9s.<\/p>\n\n\n\n<p>Resalt\u00f3 que inflaci\u00f3n general anual en M\u00e9xico baj\u00f3 de 3.95 por ciento en junio a 3.78 por ciento en julio de este a\u00f1o, sobre todo por una desaceleraci\u00f3n de los precios de los energ\u00e9ticos, y ahora muestra una tendencia marcada de regreso hacia su meta de 3.0 por ciento.<\/p>\n\n\n\n<p>Ante ello, la Junta de Gobierno del Banxico decidi\u00f3 la semana pasada reducir la tasa de referencia, por primera vez en cinco a\u00f1os, de un nivel m\u00e1ximo de 8.25 a 8.00 por ciento, refiri\u00f3 D\u00edaz de Le\u00f3n.<\/p>\n\n\n\n<p>Por otra parte, la banca y el sistema financiero siempre han tenido un reto y un rol social, pero en los \u00faltimos a\u00f1os y en la coyuntura actual, hay caracter\u00edsticas que lo hacen especialmente importante, en particular el cambio tecnol\u00f3gico.<\/p>\n\n\n\n<p>Apunt\u00f3 que las nuevas tecnolog\u00edas ofrecen beneficios en todo el mundo, pero son especialmente amplios o marcados en mercados emergentes, donde siempre ha habido un problema de rezago en el acceso a los servicios financieros.<\/p>\n\n\n\n<p>Adem\u00e1s, brindan una oportunidad \u00fanica en la historia para reducir las barreras de acceso a los servicios financieros que siempre fueron las sucursales, \u201cpermiten llegar a m\u00e1s mexicanos con mejores servicios y mayor valor agregado\u201d.<\/p>\n\n\n\n<p>Consider\u00f3 que se si se puede masificar el sistema de pagos con la nueva plataforma de Cobro Digital (CoDi), a implementarse a partir de finales de septiembre pr\u00f3ximo, se abrir\u00e1 la puerta a millones de mexicanos para que tengan acceso a los servicios financieros.<\/p>\n\n\n\n<p>\u201cNo podemos equivocarnos, tenemos que aprovechar estas nuevas tecnolog\u00edas para llevar m\u00e1s servicios a m\u00e1s mexicanos\u201d, puntualiz\u00f3 el banquero centra<\/p>\n","protected":false},"excerpt":{"rendered":"<p>La econom\u00eda mexicana ha registrado un muy bajo crecimiento promedio en los \u00faltimos cinco trimestres, lo que habla de cierto estancamiento, se\u00f1al\u00f3 el gobernador del Banco de M\u00e9xico (Banxico), Alejandro D\u00edaz de Le\u00f3n Carrillo. Durante su participaci\u00f3n en el Foro Estrategia Banorte 2019, \u201cEl reto social de la banca\u201d, dijo que este estancamiento de la [&hellip;]<\/p>\n","protected":false},"author":1,"featured_media":10384,"comment_status":"open","ping_status":"open","sticky":true,"template":"","format":"standard","meta":{"footnotes":""},"categories":[10],"tags":[],"_links":{"self":[{"href":"https:\/\/diariodigitalmx.com\/index.php\/wp-json\/wp\/v2\/posts\/10382"}],"collection":[{"href":"https:\/\/diariodigitalmx.com\/index.php\/wp-json\/wp\/v2\/posts"}],"about":[{"href":"https:\/\/diariodigitalmx.com\/index.php\/wp-json\/wp\/v2\/types\/post"}],"author":[{"embeddable":true,"href":"https:\/\/diariodigitalmx.com\/index.php\/wp-json\/wp\/v2\/users\/1"}],"replies":[{"embeddable":true,"href":"https:\/\/diariodigitalmx.com\/index.php\/wp-json\/wp\/v2\/comments?post=10382"}],"version-history":[{"count":1,"href":"https:\/\/diariodigitalmx.com\/index.php\/wp-json\/wp\/v2\/posts\/10382\/revisions"}],"predecessor-version":[{"id":10383,"href":"https:\/\/diariodigitalmx.com\/index.php\/wp-json\/wp\/v2\/posts\/10382\/revisions\/10383"}],"wp:featuredmedia":[{"embeddable":true,"href":"https:\/\/diariodigitalmx.com\/index.php\/wp-json\/wp\/v2\/media\/10384"}],"wp:attachment":[{"href":"https:\/\/diariodigitalmx.com\/index.php\/wp-json\/wp\/v2\/media?parent=10382"}],"wp:term":[{"taxonomy":"category","embeddable":true,"href":"https:\/\/diariodigitalmx.com\/index.php\/wp-json\/wp\/v2\/categories?post=10382"},{"taxonomy":"post_tag","embeddable":true,"href":"https:\/\/diariodigitalmx.com\/index.php\/wp-json\/wp\/v2\/tags?post=10382"}],"curies":[{"name":"wp","href":"https:\/\/api.w.org\/{rel}","templated":true}]}}