{"id":10391,"date":"2019-08-21T18:39:42","date_gmt":"2019-08-21T23:39:42","guid":{"rendered":"http:\/\/diariodigitalmx.com\/?p=10391"},"modified":"2019-08-21T18:40:19","modified_gmt":"2019-08-21T23:40:19","slug":"podrian-familia-de-celso-demandar-a-quien-lo-grabo-en-el-hospital-al-que-entro-por-su-propio-pie","status":"publish","type":"post","link":"https:\/\/diariodigitalmx.com\/index.php\/2019\/08\/21\/podrian-familia-de-celso-demandar-a-quien-lo-grabo-en-el-hospital-al-que-entro-por-su-propio-pie\/","title":{"rendered":"Podr\u00eda familia de Celso demandar a quien lo grab\u00f3 en el hospital, al que entro por su propio pie"},"content":{"rendered":"\n<p><br>\nDavid Casas<\/p>\n\n\n\n<p>Monterrey, N. L.- La \u00faltima voluntad del cantante Celso\nPi\u00f1a, fallecido aqu\u00ed, fue de que sus restos fueran cremados, inform\u00f3 Juany\nOrtiz, hoy viuda del Rebelde del Acorde\u00f3n, en tanto la familia analiza la\nposibilidad de demandar a personal del hospital que habr\u00eda grabado minutos\nantes al artista y despu\u00e9s difundi\u00f3 el video en redes sociales.<\/p>\n\n\n\n<p>Asimismo, dijo que los m\u00e9dicos hicieron todo lo posible por revivir\na su esposo, pero no fue posible y muri\u00f3 en el Hospital San Vicente al que\nhab\u00eda llegado caminando.<\/p>\n\n\n\n<p>Adem\u00e1s, el cantante ya padec\u00eda desde hac\u00eda tiempo algunos\nmalestares y solamente se atend\u00eda al tomar alg\u00fan medicamento, pero al sentirse mal\ndecidi\u00f3 acudir al nosocomio este mi\u00e9rcoles.<\/p>\n\n\n\n<p>&#8220;\u00c9l anteriormente se empez\u00f3 a sentir mal, pero no\ndec\u00eda. Se tomaba la pastilla. Un tiempo llev\u00f3 un tratamiento y luego ya no\nvolvi\u00f3. Ya ves que ten\u00eda mucho ajetreo y mucho estr\u00e9s. Hoy ten\u00eda cita con el\ncardi\u00f3logo de la Cl\u00ednica 24, aqu\u00ed en el San Vicente lo cit\u00f3 y luego ya, se\nempez\u00f3 a infartar&#8221;.<\/p>\n\n\n\n<p>&#8220;Hicieron todo lo que se pudo hacer, lo entubaron y le\npusieron un marcapasos para ayudarlo, pero&#8221;, mencion\u00f3 entre sollozos.<\/p>\n\n\n\n<p>A su vez Euardo Pi\u00f1a Arvizu, hermano de Celso Pi\u00f1a, dio a\nconocer que cuando descendieron del avi\u00f3n el pasado lunes tras una gira, el\ncantante les &nbsp;dijo que se sent\u00eda mal, por\nlo que decidi\u00f3 realizarse una revisi\u00f3n m\u00e9dica.<\/p>\n\n\n\n<p>Record\u00f3 que Celso se alimentaba bien y que, durante la gira por la Uni\u00f3n Americana, no tuvieron contratiempos de salud, e incluso, se preparaban para continuar por M\u00e9xico y asistir a festivales y conciertos.<\/p>\n\n\n\n<figure class=\"wp-block-image\"><img loading=\"lazy\" decoding=\"async\" width=\"940\" height=\"615\" src=\"http:\/\/diariodigitalmx.com\/wp-content\/uploads\/2019\/08\/Cecilia-Pi\u00f1a-Ortiz.jpg\" alt=\"\" class=\"wp-image-10395\" srcset=\"https:\/\/diariodigitalmx.com\/wp-content\/uploads\/2019\/08\/Cecilia-Pi\u00f1a-Ortiz.jpg 940w, https:\/\/diariodigitalmx.com\/wp-content\/uploads\/2019\/08\/Cecilia-Pi\u00f1a-Ortiz-300x196.jpg 300w, https:\/\/diariodigitalmx.com\/wp-content\/uploads\/2019\/08\/Cecilia-Pi\u00f1a-Ortiz-768x502.jpg 768w\" sizes=\"(max-width: 940px) 100vw, 940px\" \/><\/figure>\n\n\n\n<p>Cecilia Pi\u00f1a, la hija del cantante inform\u00f3 que su padre\nser\u00eda cremado en una agencia funeraria de Monterrey, adem\u00e1s de realizarse una\nmisa con cenizas presentes.<\/p>\n\n\n\n<p>Reiter\u00f3 que la \u00faltima voluntad de su padre era que se\ncremara su cuerpo y que se hiciera en privado el funeral en lo m\u00e1s posible,\naunque por la tarde del mi\u00e9rcoles a\u00fan estaban en duda si se permitir\u00eda el\nacceso al p\u00fablico a la capilla.<\/p>\n\n\n\n<p>La familia de Celso\nPi\u00f1a proceder\u00eda legalmente contra quien grab\u00f3 al cantante minutos antes de\nmorir y cuyo video difundi\u00f3 a trav\u00e9s de redes sociales, inform\u00f3 Martha Cecilia\nPi\u00f1a, hija del cantante.<\/p>\n\n\n\n<p>&#8220;\u00bfQui\u00e9n no estar\u00eda molesto?, me enter\u00e9\nv\u00eda redes sociales&#8221;, dijo al a\u00f1adir que sospechan de una persona empleada\ndel Hospital San Vicente, ubicado en el centro de Monterrey donde falleci\u00f3 el\nRebelde del Acorde\u00f3n este mi\u00e9rcoles.<\/p>\n\n\n\n<p>Indic\u00f3 que existe la sospecha de una persona\nempleada del centro m\u00e9dico que habr\u00eda sacado su celular en medio de las labores\nde reanimaci\u00f3n.&nbsp;<\/p>\n\n\n\n<p>La persona que graba, quien\nno ha sido identificada, le dice al cantante un mensaje, mismo que \u00e9l repite\n&#8220;Aqu\u00ed desde la mesa del quir\u00f3fano del San Vicente&#8221;, repite Celso\nPi\u00f1a, quien es grabado de rostro completo.<\/p>\n\n\n\n<p>Posteriormente se hace una\ntoma al resto de su cuerpo, mientras es atendido por otra persona del hospital.<\/p>\n\n\n\n<p>Los \u00faltimos momentos con vida\nde&nbsp;<strong>Celso\nPi\u00f1a<\/strong>&nbsp;fueron grabados por presunto personal del hospital y\nluego en redes sociales se difundi\u00f3 el video que muestra al &#8220;Rebelde del\nAcorde\u00f3n&#8221; en una camilla de hospital, con un respirador, y aparentemente\nsedado.<\/p>\n\n\n\n<p>Al conocer la muerte del cantante, pol\u00edticos de todos los\npartidos incluidos el gobernador y alcaldes no tardaron en lamentar la p\u00e9rdida\nde Celso Pi\u00f1a a trav\u00e9s de sus redes sociales, lo que fue visto como oportunismo\npor algunos sectores.<\/p>\n","protected":false},"excerpt":{"rendered":"<p>David Casas Monterrey, N. L.- La \u00faltima voluntad del cantante Celso Pi\u00f1a, fallecido aqu\u00ed, fue de que sus restos fueran cremados, inform\u00f3 Juany Ortiz, hoy viuda del Rebelde del Acorde\u00f3n, en tanto la familia analiza la posibilidad de demandar a personal del hospital que habr\u00eda grabado minutos antes al artista y despu\u00e9s difundi\u00f3 el video [&hellip;]<\/p>\n","protected":false},"author":1,"featured_media":10393,"comment_status":"open","ping_status":"open","sticky":true,"template":"","format":"standard","meta":{"footnotes":""},"categories":[9],"tags":[],"_links":{"self":[{"href":"https:\/\/diariodigitalmx.com\/index.php\/wp-json\/wp\/v2\/posts\/10391"}],"collection":[{"href":"https:\/\/diariodigitalmx.com\/index.php\/wp-json\/wp\/v2\/posts"}],"about":[{"href":"https:\/\/diariodigitalmx.com\/index.php\/wp-json\/wp\/v2\/types\/post"}],"author":[{"embeddable":true,"href":"https:\/\/diariodigitalmx.com\/index.php\/wp-json\/wp\/v2\/users\/1"}],"replies":[{"embeddable":true,"href":"https:\/\/diariodigitalmx.com\/index.php\/wp-json\/wp\/v2\/comments?post=10391"}],"version-history":[{"count":2,"href":"https:\/\/diariodigitalmx.com\/index.php\/wp-json\/wp\/v2\/posts\/10391\/revisions"}],"predecessor-version":[{"id":10396,"href":"https:\/\/diariodigitalmx.com\/index.php\/wp-json\/wp\/v2\/posts\/10391\/revisions\/10396"}],"wp:featuredmedia":[{"embeddable":true,"href":"https:\/\/diariodigitalmx.com\/index.php\/wp-json\/wp\/v2\/media\/10393"}],"wp:attachment":[{"href":"https:\/\/diariodigitalmx.com\/index.php\/wp-json\/wp\/v2\/media?parent=10391"}],"wp:term":[{"taxonomy":"category","embeddable":true,"href":"https:\/\/diariodigitalmx.com\/index.php\/wp-json\/wp\/v2\/categories?post=10391"},{"taxonomy":"post_tag","embeddable":true,"href":"https:\/\/diariodigitalmx.com\/index.php\/wp-json\/wp\/v2\/tags?post=10391"}],"curies":[{"name":"wp","href":"https:\/\/api.w.org\/{rel}","templated":true}]}}