{"id":1046,"date":"2019-03-11T11:20:12","date_gmt":"2019-03-11T17:20:12","guid":{"rendered":"http:\/\/diariodigitalmx.com\/?p=1046"},"modified":"2019-03-11T11:20:18","modified_gmt":"2019-03-11T17:20:18","slug":"feliz-mundo-con-la-mujer","status":"publish","type":"post","link":"https:\/\/diariodigitalmx.com\/index.php\/2019\/03\/11\/feliz-mundo-con-la-mujer\/","title":{"rendered":"FELIZ MUNDO CON LA MUJER\u2026"},"content":{"rendered":"\n<p>Como todos sabemos en este mes se conmemora el D\u00eda Internacional de la Mujer, por lo que en varias partes del mundo se realizaron movilizaciones, m\u00edtines y protestas con diversas tem\u00e1ticas como el aborto, el acoso, los derechos laborales, la igualdad, la injusticia, la violencia, entre otros.\u00a0<\/p>\n\n\n\n<p><br>Ahora bien, es en este fecha 8 de marzo de cada a\u00f1o, cuando mujeres de todo el mundo, sin ninguna diferencia y con total equidad, se unen para conmemorar este d\u00eda, cada naci\u00f3n con sus diversas tem\u00e1ticas y posturas pero todas con una sola visi\u00f3n: el enaltecer, posicionar y demostrar el trabajo arduo, lucha y trayectoria de todas las mujeres, as\u00ed como la igualdad, la justicia y la paz.<\/p>\n\n\n\n<p><br>Pero \u00bfdesde cu\u00e1ndo se conmemora este d\u00eda internacional?, de acuerdo a las Naciones Unidas, la idea de un d\u00eda internacional surgi\u00f3 al finales del siglo XIX, a continuaci\u00f3n, hago referencia a los a\u00f1os que fueron trascendentes para llegar a esta conmemoraci\u00f3n, en 1909, de acuerdo con la declaraci\u00f3n del Partido Socialista de Estados Unidos, se celebr\u00f3 por primera vez el primer D\u00eda Nacional de la Mujer el 28 de febrero; en el siguiente a\u00f1o, 1910 en Copenhague, la Internacional Socialista proclam\u00f3 el D\u00eda de la Mujer, de manera internacional, lo anterior, enalteciendo el movimiento a favor de los derechos de la mujer y con miras a conseguir el sufragio femenino; para 1911, se celebr\u00f3 el 19 de marzo por primera vez el D\u00eda Internacional de la Mujer en Suiza, Austria, Alemania y Dinamarca, acompa\u00f1ados de m\u00edtines con m\u00e1s de un mill\u00f3n de mujeres y hombres asistentes, solicitando el derecho al voto, al trabajo, a los cargos p\u00fablicos y a la no discriminaci\u00f3n; de 1913 a 1914, las rusas celebraron su primer D\u00eda Internacional, en el marco de los movimientos por la paz en v\u00edsperas de la primera guerra mundial. Para 1917, nuevamente las rusas escogieron el \u00faltimo domingo de febrero para declararse en huelga en demanda de \u201cpan y paz\u201d, esto como reacci\u00f3n ante los dos millones de soldados rusos muertos en la guerra; para 1975, las Naciones Unidas celebraron este d\u00eda el 8 de marzo.<\/p>\n\n\n\n<p> En 1995 se estableci\u00f3 la agenda para la materializaci\u00f3n de los derechos de las mujeres en la Declaraci\u00f3n y la Plataforma de Beijing y en 2014, las entidades de las Naciones Unidas y las organizaciones no gubernamentales acreditadas por el Consejo Econ\u00f3mico y Social de las Naciones Unidas, debatieron sobre los avances realizados y los retos pendientes para cumplir los Objetivos de Desarrollo del Milenio de la ONU.<\/p>\n\n\n\n<p><br>Por su parte, tambi\u00e9n encontramos otros antecedentes que dieron entrada a las fechas que acabo de mencionar y que motivaron a que la fecha sea el 8 de marzo, se trata de ese mismo d\u00eda pero de 1857, cuando miles de trabajadoras textiles salieron a la calles de Nueva York con el lema \u201cPan y Rosas\u201d, protestando por las infames condiciones laborales, as\u00ed como eliminar el trabajo infantil; por su parte el 25 de marzo de 1911, existi\u00f3 un cap\u00edtulo terrible cuando se incendi\u00f3 la f\u00e1brica de camisas Triangle Shirtwaist en la misma ciudad, donde murieron 123 mujeres, el cual fue derivado de una colilla de cigarro mal apagada. Este incendio dio paso a introducir nuevas normas de seguridad y salud laboral en los Estados Unidos.\u00a0<\/p>\n\n\n\n<p><br>Asimismo, otro precedente del d\u00eda internacional fue que Nueva York y Chicago hab\u00edan adoptado como el D\u00eda de la Mujer, el 28 de febrero de 1909, organizado por destacadas mujeres socialistas como Gertrude Breslau-Hunt y Corinne Brown.<\/p>\n\n\n\n<p><br>Es as\u00ed que en todo el mundo se celebra el D\u00eda Internacional de la Mujer, pero me gustar\u00eda hacer \u00e9nfasis en las mujeres mexicanas, que estoy seguro han vencido de igual manera miles de batallas, para empezar la discriminaci\u00f3n, los prejuicios y la inseguridad, ya que como bien sabemos nuestro pa\u00eds, por desgracia, se ha distinguido por ser muy desigual en este tema, pero que con la lucha de muchas mujeres como Sor Juana In\u00e9s de la Cruz, Josefa Ortiz de Dom\u00ednguez, Leona Vicario, Carmen Serd\u00e1n, la Dra. Matilde Montoya, Elvia Carrillo Puerto, Eulalia Guzm\u00e1n, entre muchas otras, nos hemos desarrollado en una cultura de equidad, respeto, trabajo, lucha y admiraci\u00f3n, que sin dudas marcaron la l\u00ednea para que hoy en d\u00eda se busque transitar por una sociedad libre de\u00a0 machismo e inequidad.\u00a0<\/p>\n\n\n\n<p><br>Estoy convencido, que la \u00fanica diferencia entre hombres y mujeres es sin duda, la cuesti\u00f3n fisiol\u00f3gica, ya que he tenido la oportunidad de trabajar y conversar con grandes mujeres que son pol\u00edticas, acad\u00e9micas, artistas, doctoras, j\u00f3venes, madres de familia, deportistas, en fin, luchadoras de tiempo completo, que por supuesto, me han brindado creencias y posturas que hasta la fecha, defiendo a cabalidad.<\/p>\n\n\n\n<p><br>Algo muy importante es que seg\u00fan datos del INEGI en M\u00e9xico hay 61.4 millones de mujeres, lo que implica m\u00e1s de la mitad de la poblaci\u00f3n, por lo que con mayor raz\u00f3n debemos de avanzar en una democracia plural, incluyente y totalmente equitativa, buscando igualdad en todos los sentidos, como en buenos salarios, cargos p\u00fablicos, puestos de trabajo, as\u00ed como justicia y seguridad. Cabe mencionar que un ejemplo enaltecedor, es que en la C\u00e1mara de Diputados en esta legislatura se compuso por\u00a0 241 mujeres, lo que implica un 48.2 porciento del total de legisladores, lo que sin duda, da muestra del gran avance que tenemos respecto a la igualdad de g\u00e9nero.<\/p>\n\n\n\n<p><br>Es entonces que desde esta sencilla columna se hace un reconocimiento a todas aquellas mujeres de lucha que han hecho que se tenga un mundo mejor y una sociedad m\u00e1s incluyente, conminando a seguir trabajando con las tres \u00f3rdenes de gobierno y el Congreso de la Uni\u00f3n a mejorar las pol\u00edticas p\u00fablicas para una efectiva inclusi\u00f3n y respeto en pro de las mujeres, en los diversos escenarios que la sociedad exige, por lo que en ning\u00fan rinc\u00f3n del mundo puede existir un verdadero desarrollo si no son reconocidos en su totalidad, los derechos de las mujeres, donde se reconozcan sus logros y se enaltezcan y ostenten con dignidad los mismos.<br>Por lo tanto, estamos en el mejor momento de buscar andamiajes jur\u00eddicos para seguir avanzando de manera positiva en materia de derechos de las mujeres y de las ni\u00f1as con perspectiva de g\u00e9nero y no s\u00f3lo tener la visi\u00f3n estrat\u00e9gica y moderna de las mujeres, sino todo los elementos para que nuestras ni\u00f1as sean el futuro y ejemplo de una sociedad equitativa, pero sobre todo de una sociedad \u201csin violencia de g\u00e9nero\u201d.<\/p>\n\n\n\n<p>\u00a0Sabemos que todav\u00eda hay muchos aspectos qu\u00e9 mejorar, hay mucho trabajo por hacer, pero lo m\u00e1s importante es comenzar desde el pilar principal, dar el valor que se merecen a las que verdaderamente conducen nuestros hogares y nuestras vidas, que muchas veces pareciera que no se nota o m\u00e1s bien, no lo queremos notar, solo basta con voltear a nuestro lado, ah\u00ed est\u00e1n nuestras madres, nuestras esposas, nuestras hijas, nuestras hermanas, nuestras mujeres, las que nunca se cansan, las que siempre tienen una bendici\u00f3n y un cari\u00f1o ilimitado para dar, las que siempre est\u00e1n dispuestas a superarse y a compartir lo aprendido, las que son profesionales, anal\u00edticas y emprendedoras, las que son justas y respetuosas, las que luchan por una sociedad mejor, por un respeto en la familia y en el trabajo, ellas son las verdaderas art\u00edfices de una buena sociedad, con democracia y respeto, por lo que concluyo diciendo una frase que en alg\u00fan momento de mi vida escuch\u00e9 y me hizo reflexionar en muchos sentidos: \u201cQuien educa, administra y trabaja es la mujer, ese es el verdadero poder, el hombre s\u00f3lo es el poder f\u00edsico\u2026 Feliz D\u00eda Internacional de la Mujer, feliz a\u00f1o de la mujer, feliz mundo con la mujer\u2026<br>WFG <\/p>\n","protected":false},"excerpt":{"rendered":"<p>Como todos sabemos en este mes se conmemora el D\u00eda Internacional de la Mujer, por lo que en varias partes del mundo se realizaron movilizaciones, m\u00edtines y protestas con diversas tem\u00e1ticas como el aborto, el acoso, los derechos laborales, la igualdad, la injusticia, la violencia, entre otros.\u00a0 Ahora bien, es en este fecha 8 de [&hellip;]<\/p>\n","protected":false},"author":1,"featured_media":1047,"comment_status":"open","ping_status":"open","sticky":true,"template":"","format":"standard","meta":{"footnotes":""},"categories":[12],"tags":[],"_links":{"self":[{"href":"https:\/\/diariodigitalmx.com\/index.php\/wp-json\/wp\/v2\/posts\/1046"}],"collection":[{"href":"https:\/\/diariodigitalmx.com\/index.php\/wp-json\/wp\/v2\/posts"}],"about":[{"href":"https:\/\/diariodigitalmx.com\/index.php\/wp-json\/wp\/v2\/types\/post"}],"author":[{"embeddable":true,"href":"https:\/\/diariodigitalmx.com\/index.php\/wp-json\/wp\/v2\/users\/1"}],"replies":[{"embeddable":true,"href":"https:\/\/diariodigitalmx.com\/index.php\/wp-json\/wp\/v2\/comments?post=1046"}],"version-history":[{"count":1,"href":"https:\/\/diariodigitalmx.com\/index.php\/wp-json\/wp\/v2\/posts\/1046\/revisions"}],"predecessor-version":[{"id":1048,"href":"https:\/\/diariodigitalmx.com\/index.php\/wp-json\/wp\/v2\/posts\/1046\/revisions\/1048"}],"wp:featuredmedia":[{"embeddable":true,"href":"https:\/\/diariodigitalmx.com\/index.php\/wp-json\/wp\/v2\/media\/1047"}],"wp:attachment":[{"href":"https:\/\/diariodigitalmx.com\/index.php\/wp-json\/wp\/v2\/media?parent=1046"}],"wp:term":[{"taxonomy":"category","embeddable":true,"href":"https:\/\/diariodigitalmx.com\/index.php\/wp-json\/wp\/v2\/categories?post=1046"},{"taxonomy":"post_tag","embeddable":true,"href":"https:\/\/diariodigitalmx.com\/index.php\/wp-json\/wp\/v2\/tags?post=1046"}],"curies":[{"name":"wp","href":"https:\/\/api.w.org\/{rel}","templated":true}]}}