{"id":10479,"date":"2019-08-22T18:20:08","date_gmt":"2019-08-22T23:20:08","guid":{"rendered":"http:\/\/diariodigitalmx.com\/?p=10479"},"modified":"2019-08-22T18:20:08","modified_gmt":"2019-08-22T23:20:08","slug":"seguridad-tarea-del-estado-no-de-autodefensas-dice-el-presidente-lopez-obrador","status":"publish","type":"post","link":"https:\/\/diariodigitalmx.com\/index.php\/2019\/08\/22\/seguridad-tarea-del-estado-no-de-autodefensas-dice-el-presidente-lopez-obrador\/","title":{"rendered":"Seguridad tarea del Estado, no de autodefensas, dice el presidente L\u00f3pez Obrador"},"content":{"rendered":"\n<p>El presidente Andr\u00e9s Manuel L\u00f3pez Obrador expres\u00f3 hoy su rechazo a las reuniones de funcionarios de su gobierno con los llamados grupos de autodefensa, luego de la pol\u00e9mica por un acto que encabez\u00f3 en Michoac\u00e1n el subsecretario de Gobernaci\u00f3n, Ricardo Peralta.<\/p>\n\n\n\n<p>&#8220;\u00c9l tomo est\u00e1 decisi\u00f3n porque lo invitaron a participar, (pero) se le ha pedido que se ajuste a lo que establecen la Constituci\u00f3n y las leyes. No estoy de acuerdo&#8221;, declar\u00f3 en su conferencia de prensa matutina.<\/p>\n\n\n\n<p>&#8220;No considero conveniente, creo que incluso fue un error promover estos grupos (de autodefensa) porque fueron en la mayor\u00eda de los casos auspiciados por el mismo gobierno y eso no corresponde a lo que establece la Constituci\u00f3n, no tiene que ver con un aut\u00e9ntico estado de derecho&#8221;, agreg\u00f3.<\/p>\n\n\n\n<p>El mandatario record\u00f3 que &#8220;el Estado debe garantizar la seguridad, no puede haber grupos ilegales haciendo funciones de seguridad p\u00fablica, eso no debe permitirse porque demuestra una incapacidad del Estado para atender la demanda de seguridad&#8221;.<\/p>\n\n\n\n<p>&#8220;Nosotros no vamos a incumplir con nuestras obligaciones legales, no vamos a fomentar esas funciones&#8221; de los grupos de autodefensa, se\u00f1al\u00f3.<\/p>\n\n\n\n<p>El mi\u00e9rcoles el gobernador de Michoac\u00e1n, Silvano Aureoles,&nbsp;manifest\u00f3 su inconformidad por la reuni\u00f3n que encabez\u00f3 el subsecretario Peralta con Jos\u00e9 Manuel Mireles, l\u00edder de las llamadas autodefensas en La Huacana.<\/p>\n","protected":false},"excerpt":{"rendered":"<p>El presidente Andr\u00e9s Manuel L\u00f3pez Obrador expres\u00f3 hoy su rechazo a las reuniones de funcionarios de su gobierno con los llamados grupos de autodefensa, luego de la pol\u00e9mica por un acto que encabez\u00f3 en Michoac\u00e1n el subsecretario de Gobernaci\u00f3n, Ricardo Peralta. &#8220;\u00c9l tomo est\u00e1 decisi\u00f3n porque lo invitaron a participar, (pero) se le ha pedido [&hellip;]<\/p>\n","protected":false},"author":1,"featured_media":10481,"comment_status":"open","ping_status":"open","sticky":true,"template":"","format":"standard","meta":{"footnotes":""},"categories":[2],"tags":[],"_links":{"self":[{"href":"https:\/\/diariodigitalmx.com\/index.php\/wp-json\/wp\/v2\/posts\/10479"}],"collection":[{"href":"https:\/\/diariodigitalmx.com\/index.php\/wp-json\/wp\/v2\/posts"}],"about":[{"href":"https:\/\/diariodigitalmx.com\/index.php\/wp-json\/wp\/v2\/types\/post"}],"author":[{"embeddable":true,"href":"https:\/\/diariodigitalmx.com\/index.php\/wp-json\/wp\/v2\/users\/1"}],"replies":[{"embeddable":true,"href":"https:\/\/diariodigitalmx.com\/index.php\/wp-json\/wp\/v2\/comments?post=10479"}],"version-history":[{"count":1,"href":"https:\/\/diariodigitalmx.com\/index.php\/wp-json\/wp\/v2\/posts\/10479\/revisions"}],"predecessor-version":[{"id":10480,"href":"https:\/\/diariodigitalmx.com\/index.php\/wp-json\/wp\/v2\/posts\/10479\/revisions\/10480"}],"wp:featuredmedia":[{"embeddable":true,"href":"https:\/\/diariodigitalmx.com\/index.php\/wp-json\/wp\/v2\/media\/10481"}],"wp:attachment":[{"href":"https:\/\/diariodigitalmx.com\/index.php\/wp-json\/wp\/v2\/media?parent=10479"}],"wp:term":[{"taxonomy":"category","embeddable":true,"href":"https:\/\/diariodigitalmx.com\/index.php\/wp-json\/wp\/v2\/categories?post=10479"},{"taxonomy":"post_tag","embeddable":true,"href":"https:\/\/diariodigitalmx.com\/index.php\/wp-json\/wp\/v2\/tags?post=10479"}],"curies":[{"name":"wp","href":"https:\/\/api.w.org\/{rel}","templated":true}]}}