{"id":10485,"date":"2019-08-22T18:30:53","date_gmt":"2019-08-22T23:30:53","guid":{"rendered":"http:\/\/diariodigitalmx.com\/?p=10485"},"modified":"2019-08-22T18:31:52","modified_gmt":"2019-08-22T23:31:52","slug":"son-luchadores-sociales-no-autodefensas-responde-a-amlo-ricardo-peralta-subsecretario-de-gobernacion","status":"publish","type":"post","link":"https:\/\/diariodigitalmx.com\/index.php\/2019\/08\/22\/son-luchadores-sociales-no-autodefensas-responde-a-amlo-ricardo-peralta-subsecretario-de-gobernacion\/","title":{"rendered":"Son luchadores sociales no autodefensas, responde a AMLO, Ricardo Peralta, subsecretario de Gobernaci\u00f3n"},"content":{"rendered":"\n<p><strong>Carlos Lara | El Sol de M\u00e9xico<\/strong><\/p>\n\n\n\n<p>&#8220;Nosotros\nno tenemos contacto con ning\u00fan autodefensa. Nosotros nos hemos reunido con\nluchadores sociales\u201d, sostuvo el subsecretario de Gobernaci\u00f3n, Ricardo Peralta\nSaucedo.<\/p>\n\n\n\n<p>Este jueves,\ndurante conferencia matutina,&nbsp;<a href=\"https:\/\/www.elsoldemexico.com.mx\/mexico\/politica\/no-estoy-de-acuerdo-amlo-sobre-reunion-de-ricardo-peralta-con-autodefensas-4073990.html\">el presidente Andr\u00e9s Manuel L\u00f3pez\nObrador reconoci\u00f3 que no est\u00e1 de acuerdo con la forma en la que est\u00e1 llevando\nel di\u00e1logo con las autodefensas<\/a>, y ante ello el subsecretario de\nGobernaci\u00f3n refiri\u00f3 que &#8220;nunca han estado en contacto con personas\narmadas&#8221;.<\/p>\n\n\n\n<p>&nbsp;En\nentrevista telef\u00f3nica, con El Sol de M\u00e9xico, Peralta Saucedo coment\u00f3 que nunca\nha hecho nada fuera lo que marca la Constituci\u00f3n y que el llamado que le hace\nel presidente no es enmendarle la plana, sino que es continuar con el trabajo\nque ha realizado para apoyar con proyectos productos a zonas que han sido\nestigmatizadas por la violencia.<\/p>\n\n\n\n<p>&#8220;A mi me han dicho que hay\ndelincuentes, si alguien reconoce a alg\u00fan delincuente o que tenga una orden de\naprehensi\u00f3n pues que les hagan el seguimiento para cumplimentar la orden de\naprehensi\u00f3n. Nosotros no hemos tenido contacto con ninguna persona armada, yo\nno puedo hablar que nos hemos reunido con autodefensas\u201d, acot\u00f3.<\/p>\n\n\n\n<p>Peralta Saucedo neg\u00f3 categ\u00f3ricamente\nque se haya reunido con delincuentes &#8220;ni con personas que est\u00e9n\nconsideradas como autodefensas, yo me he reunido con luchadores sociales y ah\u00ed\nest\u00e1n las fotograf\u00edas. Ellos ya no se manifiestan como autodefensas&#8221;.<\/p>\n\n\n\n<p>Adem\u00e1s explic\u00f3 que no siente que\n&#8220;el presidente le haya enmendado la plana con el tema de autodefensas, m\u00e1s\nbien me dio una instrucci\u00f3n de que estemos apegados conforme a la Constituci\u00f3n\ny a las leyes que de ella emanan y as\u00ed lo hemos hecho&#8221;.<\/p>\n\n\n\n<p>Peralta Saucedo dijo que su discurso\nha sido que ninguna persona puede estar armada ilegalmente, pero que cualquier\npersona que este cometiendo ese delito y otros m\u00e1s, el \u00fanico acercamiento que\ntengan con el Estado mexicano ser\u00e1 con la justicia.<\/p>\n\n\n\n<p>&#8220;Nosotros como gobierno no ha\nhabido, no hay y no habr\u00e1 ning\u00fan tipo de negociaci\u00f3n y de acuerdo extrajudicial\ncon nadie que este cometiendo delitos o mucho menos si tienen orden de\naprehensi\u00f3n&#8221;.<\/p>\n\n\n\n<p>Al ser cuestionado sobre si continuar\u00e1n\ncon este tipo de reuniones con los autodefensas, dijo que van a atender a la\npoblaci\u00f3n que solicite la atenci\u00f3n de la Secretaria de Gobernaci\u00f3n.<\/p>\n\n\n\n<p>El subsecretario Ricardo Peralta\nexterno que las reuniones que ha tenido con grupos de autodefensas en Guerrero,\nMichoac\u00e1n y Tamaulipas no buscan desactivarlos sino que es escucharlos y saber\ncu\u00e1les son sus demandas.<br><br><br><\/p>\n","protected":false},"excerpt":{"rendered":"<p>Carlos Lara | El Sol de M\u00e9xico &#8220;Nosotros no tenemos contacto con ning\u00fan autodefensa. Nosotros nos hemos reunido con luchadores sociales\u201d, sostuvo el subsecretario de Gobernaci\u00f3n, Ricardo Peralta Saucedo. Este jueves, durante conferencia matutina,&nbsp;el presidente Andr\u00e9s Manuel L\u00f3pez Obrador reconoci\u00f3 que no est\u00e1 de acuerdo con la forma en la que est\u00e1 llevando el di\u00e1logo [&hellip;]<\/p>\n","protected":false},"author":1,"featured_media":10488,"comment_status":"open","ping_status":"open","sticky":false,"template":"","format":"standard","meta":{"footnotes":""},"categories":[2],"tags":[],"_links":{"self":[{"href":"https:\/\/diariodigitalmx.com\/index.php\/wp-json\/wp\/v2\/posts\/10485"}],"collection":[{"href":"https:\/\/diariodigitalmx.com\/index.php\/wp-json\/wp\/v2\/posts"}],"about":[{"href":"https:\/\/diariodigitalmx.com\/index.php\/wp-json\/wp\/v2\/types\/post"}],"author":[{"embeddable":true,"href":"https:\/\/diariodigitalmx.com\/index.php\/wp-json\/wp\/v2\/users\/1"}],"replies":[{"embeddable":true,"href":"https:\/\/diariodigitalmx.com\/index.php\/wp-json\/wp\/v2\/comments?post=10485"}],"version-history":[{"count":1,"href":"https:\/\/diariodigitalmx.com\/index.php\/wp-json\/wp\/v2\/posts\/10485\/revisions"}],"predecessor-version":[{"id":10486,"href":"https:\/\/diariodigitalmx.com\/index.php\/wp-json\/wp\/v2\/posts\/10485\/revisions\/10486"}],"wp:featuredmedia":[{"embeddable":true,"href":"https:\/\/diariodigitalmx.com\/index.php\/wp-json\/wp\/v2\/media\/10488"}],"wp:attachment":[{"href":"https:\/\/diariodigitalmx.com\/index.php\/wp-json\/wp\/v2\/media?parent=10485"}],"wp:term":[{"taxonomy":"category","embeddable":true,"href":"https:\/\/diariodigitalmx.com\/index.php\/wp-json\/wp\/v2\/categories?post=10485"},{"taxonomy":"post_tag","embeddable":true,"href":"https:\/\/diariodigitalmx.com\/index.php\/wp-json\/wp\/v2\/tags?post=10485"}],"curies":[{"name":"wp","href":"https:\/\/api.w.org\/{rel}","templated":true}]}}