{"id":10495,"date":"2019-08-23T14:23:06","date_gmt":"2019-08-23T19:23:06","guid":{"rendered":"http:\/\/diariodigitalmx.com\/?p=10495"},"modified":"2019-08-23T14:41:39","modified_gmt":"2019-08-23T19:41:39","slug":"reconocen-la-labor-de-adriana-vignau-por-su-trayectoria-de-26-anos-al-frente-de-la-direccion-de-index-nl","status":"publish","type":"post","link":"https:\/\/diariodigitalmx.com\/index.php\/2019\/08\/23\/reconocen-la-labor-de-adriana-vignau-por-su-trayectoria-de-26-anos-al-frente-de-la-direccion-de-index-nl\/","title":{"rendered":"Reconocen la labor de Adriana Vignau por su trayectoria de 26 a\u00f1os al frente de la direcci\u00f3n de Index NL"},"content":{"rendered":"\n<p><br><\/p>\n\n\n\n<ul><li>Adriana Vignau inicia su carrea en este organismo apoyando la presidencia de Felipe Garc\u00eda Salinas, director de la empresa Thomas &amp; Betts M\u00e9xico.\u00a0<\/li><li>Oficializan el cargo de Cecilia Carrillo como nueva directora de INDEX Nuevo Le\u00f3n.<\/li><li><\/li><\/ul>\n\n\n\n<figure class=\"wp-block-image\"><img loading=\"lazy\" decoding=\"async\" width=\"960\" height=\"720\" src=\"http:\/\/diariodigitalmx.com\/wp-content\/uploads\/2019\/08\/IMG-20190823-WA0006-1.jpg\" alt=\"\" class=\"wp-image-10504\" srcset=\"https:\/\/diariodigitalmx.com\/wp-content\/uploads\/2019\/08\/IMG-20190823-WA0006-1.jpg 960w, https:\/\/diariodigitalmx.com\/wp-content\/uploads\/2019\/08\/IMG-20190823-WA0006-1-300x225.jpg 300w, https:\/\/diariodigitalmx.com\/wp-content\/uploads\/2019\/08\/IMG-20190823-WA0006-1-768x576.jpg 768w\" sizes=\"(max-width: 960px) 100vw, 960px\" \/><\/figure>\n\n\n\n<p><strong>Monterrey N.L.<\/strong> &#8211; EL presidente de INDEX Nuevo Le\u00f3n, Eduardo Elizondo Williams y la recientemente nombrada como directora del organismo, Cecilia Carrillo, a nombre de los miembros y asociados que lo integran, le otorgaron un reconocimiento a Adriana Vignau por su trayectoria de 26 a\u00f1os al frente de la direcci\u00f3n de esta instituci\u00f3n que representa los intereses de las empresas IMMEX.<br><\/p>\n\n\n\n<p>Vignau trabaj\u00f3 con 15 presidentes y fue testigo de las negociaciones y aprobaci\u00f3n del Tratado de Libre Comercio de Am\u00e9rica del Norte, as\u00ed como del desarrollo e impulso de las reglas para implementar los programas IMMEX, y recientemente sigui\u00f3 de cerca los avances del T-MEC.<\/p>\n\n\n\n<p><br><\/p>\n\n\n\n<figure class=\"wp-block-image\"><img loading=\"lazy\" decoding=\"async\" width=\"960\" height=\"720\" src=\"http:\/\/diariodigitalmx.com\/wp-content\/uploads\/2019\/08\/IMG-20190823-WA0007-1.jpg\" alt=\"\" class=\"wp-image-10501\" srcset=\"https:\/\/diariodigitalmx.com\/wp-content\/uploads\/2019\/08\/IMG-20190823-WA0007-1.jpg 960w, https:\/\/diariodigitalmx.com\/wp-content\/uploads\/2019\/08\/IMG-20190823-WA0007-1-300x225.jpg 300w, https:\/\/diariodigitalmx.com\/wp-content\/uploads\/2019\/08\/IMG-20190823-WA0007-1-768x576.jpg 768w\" sizes=\"(max-width: 960px) 100vw, 960px\" \/><\/figure>\n\n\n\n<p>La homenajeada comenz\u00f3 su carrea en 1993 como directora de la Asociaci\u00f3n de Maquiladoras de Nuevo Le\u00f3n, apoyando la presidencia de Felipe Garc\u00eda Salinas, director de la empresa Thomas &amp; Betts M\u00e9xico.&nbsp;<br><\/p>\n\n\n\n<p>Cabe destacar que la nueva directora de INDEX Nuevo Le\u00f3n, Cecilia Carillo, ha sido gerente de comunicaci\u00f3n y mercadotecnia en Owens Coming; responsable del \u00e1rea de compras de Whirlpool Corporation; coordinadora de inversi\u00f3n extranjera en la Secretar\u00eda de Desarrollo Econ\u00f3mico de Nuevo Le\u00f3n y recientemente fue directora del Cluster de Electrodom\u00e9sticos.<\/p>\n\n\n\n<p><br><\/p>\n\n\n\n<figure class=\"wp-block-image\"><img loading=\"lazy\" decoding=\"async\" width=\"960\" height=\"720\" src=\"http:\/\/diariodigitalmx.com\/wp-content\/uploads\/2019\/08\/IMG-20190823-WA0004.jpg\" alt=\"\" class=\"wp-image-10506\" srcset=\"https:\/\/diariodigitalmx.com\/wp-content\/uploads\/2019\/08\/IMG-20190823-WA0004.jpg 960w, https:\/\/diariodigitalmx.com\/wp-content\/uploads\/2019\/08\/IMG-20190823-WA0004-300x225.jpg 300w, https:\/\/diariodigitalmx.com\/wp-content\/uploads\/2019\/08\/IMG-20190823-WA0004-768x576.jpg 768w\" sizes=\"(max-width: 960px) 100vw, 960px\" \/><\/figure>\n\n\n\n<p>Al evento asistieron autoridades de la Secretaria de Econom\u00eda, aduanas, miembros de otras c\u00e1maras y de la iniciativa privada.&nbsp;&nbsp;<\/p>\n","protected":false},"excerpt":{"rendered":"<p>Adriana Vignau inicia su carrea en este organismo apoyando la presidencia de Felipe Garc\u00eda Salinas, director de la empresa Thomas &amp; Betts M\u00e9xico.\u00a0 Oficializan el cargo de Cecilia Carrillo como nueva directora de INDEX Nuevo Le\u00f3n. Monterrey N.L. &#8211; EL presidente de INDEX Nuevo Le\u00f3n, Eduardo Elizondo Williams y la recientemente nombrada como directora del [&hellip;]<\/p>\n","protected":false},"author":1,"featured_media":10498,"comment_status":"open","ping_status":"open","sticky":true,"template":"","format":"standard","meta":{"footnotes":""},"categories":[10],"tags":[],"_links":{"self":[{"href":"https:\/\/diariodigitalmx.com\/index.php\/wp-json\/wp\/v2\/posts\/10495"}],"collection":[{"href":"https:\/\/diariodigitalmx.com\/index.php\/wp-json\/wp\/v2\/posts"}],"about":[{"href":"https:\/\/diariodigitalmx.com\/index.php\/wp-json\/wp\/v2\/types\/post"}],"author":[{"embeddable":true,"href":"https:\/\/diariodigitalmx.com\/index.php\/wp-json\/wp\/v2\/users\/1"}],"replies":[{"embeddable":true,"href":"https:\/\/diariodigitalmx.com\/index.php\/wp-json\/wp\/v2\/comments?post=10495"}],"version-history":[{"count":5,"href":"https:\/\/diariodigitalmx.com\/index.php\/wp-json\/wp\/v2\/posts\/10495\/revisions"}],"predecessor-version":[{"id":10508,"href":"https:\/\/diariodigitalmx.com\/index.php\/wp-json\/wp\/v2\/posts\/10495\/revisions\/10508"}],"wp:featuredmedia":[{"embeddable":true,"href":"https:\/\/diariodigitalmx.com\/index.php\/wp-json\/wp\/v2\/media\/10498"}],"wp:attachment":[{"href":"https:\/\/diariodigitalmx.com\/index.php\/wp-json\/wp\/v2\/media?parent=10495"}],"wp:term":[{"taxonomy":"category","embeddable":true,"href":"https:\/\/diariodigitalmx.com\/index.php\/wp-json\/wp\/v2\/categories?post=10495"},{"taxonomy":"post_tag","embeddable":true,"href":"https:\/\/diariodigitalmx.com\/index.php\/wp-json\/wp\/v2\/tags?post=10495"}],"curies":[{"name":"wp","href":"https:\/\/api.w.org\/{rel}","templated":true}]}}