{"id":10514,"date":"2019-08-23T17:19:30","date_gmt":"2019-08-23T22:19:30","guid":{"rendered":"http:\/\/diariodigitalmx.com\/?p=10514"},"modified":"2019-08-23T17:20:59","modified_gmt":"2019-08-23T22:20:59","slug":"berna-valdovinos-refuerzo-de-lujo-en-el-arco-del-flash","status":"publish","type":"post","link":"https:\/\/diariodigitalmx.com\/index.php\/2019\/08\/23\/berna-valdovinos-refuerzo-de-lujo-en-el-arco-del-flash\/","title":{"rendered":"Berna Valdovinos refuerzo de lujo en el arco del Flash"},"content":{"rendered":"\n<p><\/p>\n\n\n\n<p><strong>-Poseedor de una gran trayectoria en el f\u00fatbol r\u00e1pido profesional el capitalino se integrar\u00e1 a la escuadra regia de cara a la temporada 2019-2020 de la Major Arena Soccer League<\/strong><\/p>\n\n\n\n<figure class=\"wp-block-image\"><img loading=\"lazy\" decoding=\"async\" width=\"1024\" height=\"683\" src=\"http:\/\/diariodigitalmx.com\/wp-content\/uploads\/2019\/08\/IMG_6261-1024x683.jpg\" alt=\"\" class=\"wp-image-10517\" srcset=\"https:\/\/diariodigitalmx.com\/wp-content\/uploads\/2019\/08\/IMG_6261-1024x683.jpg 1024w, https:\/\/diariodigitalmx.com\/wp-content\/uploads\/2019\/08\/IMG_6261-300x200.jpg 300w, https:\/\/diariodigitalmx.com\/wp-content\/uploads\/2019\/08\/IMG_6261-768x512.jpg 768w\" sizes=\"(max-width: 1024px) 100vw, 1024px\" \/><\/figure>\n\n\n\n<p>Por: Ra\u00fal Emigdio Guevara Ortiz.- Poseedor de &nbsp;una amplia trayectoria en el Futbol R\u00e1pido\nprofesional con diversos equipos mexicanos y con Selecci\u00f3n Nacional, adem\u00e1s de\nhaber participado con los Soles de Sonora en la MASL, as\u00ed como su reciente\ncoronaci\u00f3n en la Liga Mexicana de F\u00fatbol R\u00e1pido Profesional con la escuadra del\nGokay, Berna Valdovinos ser\u00e1 el nuevo refuerzo del Monterrey Flash para&nbsp; cubrir su porter\u00eda.<\/p>\n\n\n\n<p>Con amplia experiencia en el manejo de los pies, buena visi\u00f3n de campo, el capitalino \u00a0ser\u00e1\u00a0 tambi\u00e9n\u00a0 un \u201csexto atacante\u201d de la escuadra mexicana dentro de la MASL,\u00a0 ya que gusta y sabe salir desde su porter\u00eda con bal\u00f3n controlado para convertirse en un ofensor de su equipo.<\/p>\n\n\n\n<figure class=\"wp-block-image\"><img loading=\"lazy\" decoding=\"async\" width=\"800\" height=\"800\" src=\"http:\/\/diariodigitalmx.com\/wp-content\/uploads\/2019\/08\/VALDOVINOS.png\" alt=\"\" class=\"wp-image-10521\" srcset=\"https:\/\/diariodigitalmx.com\/wp-content\/uploads\/2019\/08\/VALDOVINOS.png 800w, https:\/\/diariodigitalmx.com\/wp-content\/uploads\/2019\/08\/VALDOVINOS-150x150.png 150w, https:\/\/diariodigitalmx.com\/wp-content\/uploads\/2019\/08\/VALDOVINOS-300x300.png 300w, https:\/\/diariodigitalmx.com\/wp-content\/uploads\/2019\/08\/VALDOVINOS-768x768.png 768w\" sizes=\"(max-width: 800px) 100vw, 800px\" \/><\/figure>\n\n\n\n<p>\u201cEs un buen elemento, con capacidad probada que adem\u00e1s de ser uno de los mejores\nporteros de M\u00e9xico, tiene tambi\u00e9n otras cualidades que lo convierten en un\njugador especial dentro del sint\u00e9tico, ya que gusta&nbsp; de ser particip\u00e9 de las jugadas ofensivas del\nt\u00e9cnico, partiendo desde su porter\u00eda\u201d, expres\u00f3 Gerardo Guerra Lozano, presidente\ndel Monterrey Flash.<\/p>\n\n\n\n<p>La incorporaci\u00f3n del Valdovinos a&nbsp;\nla escuadra regia,&nbsp; viene tambi\u00e9n\na reforzar el trabajo que Diego Reynoso, el primer portero del equipo,&nbsp;&nbsp; ha venido haciendo en el arco &nbsp;mexicano durante los \u00faltimos a\u00f1os.<\/p>\n\n\n\n<p>\u201cEsta temporada volvemos&nbsp; a tener dos\nexcelentes arqueros que saldr\u00e1n a dar todo por el equipo, mismos que estar\u00e1n a\nla mano del entrenador de acuerdo a las cualidades ofensivas del rival\u201d,\nconcluy\u00f3 Guerra Lozano.<\/p>\n","protected":false},"excerpt":{"rendered":"<p>-Poseedor de una gran trayectoria en el f\u00fatbol r\u00e1pido profesional el capitalino se integrar\u00e1 a la escuadra regia de cara a la temporada 2019-2020 de la Major Arena Soccer League Por: Ra\u00fal Emigdio Guevara Ortiz.- Poseedor de &nbsp;una amplia trayectoria en el Futbol R\u00e1pido profesional con diversos equipos mexicanos y con Selecci\u00f3n Nacional, adem\u00e1s de [&hellip;]<\/p>\n","protected":false},"author":1,"featured_media":10516,"comment_status":"open","ping_status":"open","sticky":true,"template":"","format":"standard","meta":{"footnotes":""},"categories":[8],"tags":[],"_links":{"self":[{"href":"https:\/\/diariodigitalmx.com\/index.php\/wp-json\/wp\/v2\/posts\/10514"}],"collection":[{"href":"https:\/\/diariodigitalmx.com\/index.php\/wp-json\/wp\/v2\/posts"}],"about":[{"href":"https:\/\/diariodigitalmx.com\/index.php\/wp-json\/wp\/v2\/types\/post"}],"author":[{"embeddable":true,"href":"https:\/\/diariodigitalmx.com\/index.php\/wp-json\/wp\/v2\/users\/1"}],"replies":[{"embeddable":true,"href":"https:\/\/diariodigitalmx.com\/index.php\/wp-json\/wp\/v2\/comments?post=10514"}],"version-history":[{"count":3,"href":"https:\/\/diariodigitalmx.com\/index.php\/wp-json\/wp\/v2\/posts\/10514\/revisions"}],"predecessor-version":[{"id":10522,"href":"https:\/\/diariodigitalmx.com\/index.php\/wp-json\/wp\/v2\/posts\/10514\/revisions\/10522"}],"wp:featuredmedia":[{"embeddable":true,"href":"https:\/\/diariodigitalmx.com\/index.php\/wp-json\/wp\/v2\/media\/10516"}],"wp:attachment":[{"href":"https:\/\/diariodigitalmx.com\/index.php\/wp-json\/wp\/v2\/media?parent=10514"}],"wp:term":[{"taxonomy":"category","embeddable":true,"href":"https:\/\/diariodigitalmx.com\/index.php\/wp-json\/wp\/v2\/categories?post=10514"},{"taxonomy":"post_tag","embeddable":true,"href":"https:\/\/diariodigitalmx.com\/index.php\/wp-json\/wp\/v2\/tags?post=10514"}],"curies":[{"name":"wp","href":"https:\/\/api.w.org\/{rel}","templated":true}]}}