{"id":10567,"date":"2019-08-25T11:48:55","date_gmt":"2019-08-25T16:48:55","guid":{"rendered":"http:\/\/diariodigitalmx.com\/?p=10567"},"modified":"2019-08-25T11:57:59","modified_gmt":"2019-08-25T16:57:59","slug":"entrega-asociaciones-vecinales-utiles-escolares-en-apodaca-una-sinergia-con-autoridades-municipales","status":"publish","type":"post","link":"https:\/\/diariodigitalmx.com\/index.php\/2019\/08\/25\/entrega-asociaciones-vecinales-utiles-escolares-en-apodaca-una-sinergia-con-autoridades-municipales\/","title":{"rendered":"Entrega Asociaciones Vecinales \u00fatiles escolares en Apodaca; una sinergia con autoridades municipales"},"content":{"rendered":"\n<p>Llega el nuevo ciclo escolar y las Asociaciones Vecinales cumplieron con la entrega de \u00fatiles escolares y apoyo a las familias de diversas colonias de la zona metropolitana de Monterrey.<br><\/p>\n\n\n\n<p>En el municipio de Apodaca, en la colonia Paseo de la Loma, las brigadas que encabeza Osvaldo Serna Serv\u00edn, presidente de las Asociaciones Vecinales, hicieron la aportaci\u00f3n correspondiente a los estudiantes y a sus respectivas familias.<\/p>\n\n\n\n<p><br><\/p>\n\n\n\n<figure class=\"wp-block-image\"><img loading=\"lazy\" decoding=\"async\" width=\"768\" height=\"1024\" src=\"http:\/\/diariodigitalmx.com\/wp-content\/uploads\/2019\/08\/IMG-20190822-WA0066-768x1024.jpg\" alt=\"\" class=\"wp-image-10571\" srcset=\"https:\/\/diariodigitalmx.com\/wp-content\/uploads\/2019\/08\/IMG-20190822-WA0066-768x1024.jpg 768w, https:\/\/diariodigitalmx.com\/wp-content\/uploads\/2019\/08\/IMG-20190822-WA0066-225x300.jpg 225w, https:\/\/diariodigitalmx.com\/wp-content\/uploads\/2019\/08\/IMG-20190822-WA0066.jpg 864w\" sizes=\"(max-width: 768px) 100vw, 768px\" \/><\/figure>\n\n\n\n<p>&#8220;Se trata de un apoyo sencillo pero que, contribuye a amortiguar el gasto escolar de los padres de familia. Y en la medida que lo requieran ah\u00ed estaremos en el impulso a la educaci\u00f3n&#8221;, explic\u00f3 Serna Serv\u00edn.<br><\/p>\n\n\n\n<p>Valioso el apoyo de la se\u00f1ora Lucero Regalado, la coordinadora vecinal quien es el enlace entre las familias y la dirigencia estatal de las Asociaciones Vecinales, as\u00ed como con la Federaci\u00f3n Revolucionaria de Obreros y Campesinos (FROC) que lidera en Nuevo Le\u00f3n, C\u00e9sar Alberto Serna de Le\u00f3n.<\/p>\n\n\n\n<p><br><\/p>\n\n\n\n<figure class=\"wp-block-image\"><img loading=\"lazy\" decoding=\"async\" width=\"768\" height=\"1024\" src=\"http:\/\/diariodigitalmx.com\/wp-content\/uploads\/2019\/08\/IMG-20190822-WA0073-768x1024.jpg\" alt=\"\" class=\"wp-image-10574\" srcset=\"https:\/\/diariodigitalmx.com\/wp-content\/uploads\/2019\/08\/IMG-20190822-WA0073-768x1024.jpg 768w, https:\/\/diariodigitalmx.com\/wp-content\/uploads\/2019\/08\/IMG-20190822-WA0073-225x300.jpg 225w, https:\/\/diariodigitalmx.com\/wp-content\/uploads\/2019\/08\/IMG-20190822-WA0073.jpg 864w\" sizes=\"(max-width: 768px) 100vw, 768px\" \/><\/figure>\n\n\n\n<p>Se resalta tambi\u00e9n la presencia y el apoyo deOsvaldo Martin Tello, de Secci\u00f3n n\u00famero 1 y de&nbsp; Yaneth Alonso Almaguer, quienes fortalecen el trabajo con su capacidad y entrega.<\/p>\n\n\n\n<figure class=\"wp-block-image\"><img loading=\"lazy\" decoding=\"async\" width=\"768\" height=\"1024\" src=\"http:\/\/diariodigitalmx.com\/wp-content\/uploads\/2019\/08\/IMG-20190822-WA0058-768x1024.jpg\" alt=\"\" class=\"wp-image-10576\" srcset=\"https:\/\/diariodigitalmx.com\/wp-content\/uploads\/2019\/08\/IMG-20190822-WA0058-768x1024.jpg 768w, https:\/\/diariodigitalmx.com\/wp-content\/uploads\/2019\/08\/IMG-20190822-WA0058-225x300.jpg 225w, https:\/\/diariodigitalmx.com\/wp-content\/uploads\/2019\/08\/IMG-20190822-WA0058.jpg 864w\" sizes=\"(max-width: 768px) 100vw, 768px\" \/><\/figure>\n\n\n\n<p>Osvaldo Serna reconoci\u00f3 el apoyo tambi\u00e9n del presidente municipal de Apodaca, C\u00e9sar Garza para que se de la sinergia que permite juntos contribuir al bienestar familiar.<\/p>\n\n\n\n<ul class=\"wp-block-gallery columns-1 is-cropped wp-block-gallery-1 is-layout-flex wp-block-gallery-is-layout-flex\"><li class=\"blocks-gallery-item\"><figure><img loading=\"lazy\" decoding=\"async\" width=\"1024\" height=\"768\" src=\"http:\/\/diariodigitalmx.com\/wp-content\/uploads\/2019\/08\/IMG-20190822-WA0064-1024x768.jpg\" alt=\"\" data-id=\"10579\" data-link=\"http:\/\/diariodigitalmx.com\/index.php\/2019\/08\/25\/entrega-asociaciones-vecinales-utiles-escolares-en-apodaca-una-sinergia-con-autoridades-municipales\/img-20190822-wa0064\/\" class=\"wp-image-10579\" srcset=\"https:\/\/diariodigitalmx.com\/wp-content\/uploads\/2019\/08\/IMG-20190822-WA0064-1024x768.jpg 1024w, https:\/\/diariodigitalmx.com\/wp-content\/uploads\/2019\/08\/IMG-20190822-WA0064-300x225.jpg 300w, https:\/\/diariodigitalmx.com\/wp-content\/uploads\/2019\/08\/IMG-20190822-WA0064-768x576.jpg 768w, https:\/\/diariodigitalmx.com\/wp-content\/uploads\/2019\/08\/IMG-20190822-WA0064.jpg 1152w\" sizes=\"(max-width: 1024px) 100vw, 1024px\" \/><\/figure><\/li><\/ul>\n\n\n\n<figure class=\"wp-block-image\"><img loading=\"lazy\" decoding=\"async\" width=\"768\" height=\"1024\" src=\"http:\/\/diariodigitalmx.com\/wp-content\/uploads\/2019\/08\/IMG-20190822-WA0061-768x1024.jpg\" alt=\"\" class=\"wp-image-10581\" srcset=\"https:\/\/diariodigitalmx.com\/wp-content\/uploads\/2019\/08\/IMG-20190822-WA0061-768x1024.jpg 768w, https:\/\/diariodigitalmx.com\/wp-content\/uploads\/2019\/08\/IMG-20190822-WA0061-225x300.jpg 225w, https:\/\/diariodigitalmx.com\/wp-content\/uploads\/2019\/08\/IMG-20190822-WA0061.jpg 864w\" sizes=\"(max-width: 768px) 100vw, 768px\" \/><\/figure>\n\n\n\n<ul class=\"wp-block-gallery columns-1 is-cropped wp-block-gallery-2 is-layout-flex wp-block-gallery-is-layout-flex\"><li class=\"blocks-gallery-item\"><figure><img loading=\"lazy\" decoding=\"async\" width=\"768\" height=\"1024\" src=\"http:\/\/diariodigitalmx.com\/wp-content\/uploads\/2019\/08\/IMG-20190822-WA0072-768x1024.jpg\" alt=\"\" data-id=\"10584\" data-link=\"http:\/\/diariodigitalmx.com\/index.php\/2019\/08\/25\/entrega-asociaciones-vecinales-utiles-escolares-en-apodaca-una-sinergia-con-autoridades-municipales\/img-20190822-wa0072\/\" class=\"wp-image-10584\" srcset=\"https:\/\/diariodigitalmx.com\/wp-content\/uploads\/2019\/08\/IMG-20190822-WA0072-768x1024.jpg 768w, https:\/\/diariodigitalmx.com\/wp-content\/uploads\/2019\/08\/IMG-20190822-WA0072-225x300.jpg 225w, https:\/\/diariodigitalmx.com\/wp-content\/uploads\/2019\/08\/IMG-20190822-WA0072.jpg 864w\" sizes=\"(max-width: 768px) 100vw, 768px\" \/><\/figure><\/li><\/ul>\n\n\n\n<ul class=\"wp-block-gallery columns-1 is-cropped wp-block-gallery-3 is-layout-flex wp-block-gallery-is-layout-flex\"><li class=\"blocks-gallery-item\"><figure><img loading=\"lazy\" decoding=\"async\" width=\"768\" height=\"1024\" src=\"http:\/\/diariodigitalmx.com\/wp-content\/uploads\/2019\/08\/IMG-20190822-WA0062-768x1024.jpg\" alt=\"\" data-id=\"10587\" data-link=\"http:\/\/diariodigitalmx.com\/index.php\/2019\/08\/25\/entrega-asociaciones-vecinales-utiles-escolares-en-apodaca-una-sinergia-con-autoridades-municipales\/img-20190822-wa0062\/\" class=\"wp-image-10587\" srcset=\"https:\/\/diariodigitalmx.com\/wp-content\/uploads\/2019\/08\/IMG-20190822-WA0062-768x1024.jpg 768w, https:\/\/diariodigitalmx.com\/wp-content\/uploads\/2019\/08\/IMG-20190822-WA0062-225x300.jpg 225w, https:\/\/diariodigitalmx.com\/wp-content\/uploads\/2019\/08\/IMG-20190822-WA0062.jpg 864w\" sizes=\"(max-width: 768px) 100vw, 768px\" \/><\/figure><\/li><\/ul>\n\n\n\n<p><\/p>\n\n\n\n<p><\/p>\n\n\n\n<ul class=\"wp-block-gallery columns-1 is-cropped wp-block-gallery-4 is-layout-flex wp-block-gallery-is-layout-flex\"><li class=\"blocks-gallery-item\"><figure><img loading=\"lazy\" decoding=\"async\" width=\"768\" height=\"1024\" src=\"http:\/\/diariodigitalmx.com\/wp-content\/uploads\/2019\/08\/IMG-20190822-WA0059-768x1024.jpg\" alt=\"\" data-id=\"10591\" data-link=\"http:\/\/diariodigitalmx.com\/index.php\/2019\/08\/25\/entrega-asociaciones-vecinales-utiles-escolares-en-apodaca-una-sinergia-con-autoridades-municipales\/img-20190822-wa0059\/\" class=\"wp-image-10591\" srcset=\"https:\/\/diariodigitalmx.com\/wp-content\/uploads\/2019\/08\/IMG-20190822-WA0059-768x1024.jpg 768w, https:\/\/diariodigitalmx.com\/wp-content\/uploads\/2019\/08\/IMG-20190822-WA0059-225x300.jpg 225w, https:\/\/diariodigitalmx.com\/wp-content\/uploads\/2019\/08\/IMG-20190822-WA0059.jpg 864w\" sizes=\"(max-width: 768px) 100vw, 768px\" \/><\/figure><\/li><\/ul>\n","protected":false},"excerpt":{"rendered":"<p>Llega el nuevo ciclo escolar y las Asociaciones Vecinales cumplieron con la entrega de \u00fatiles escolares y apoyo a las familias de diversas colonias de la zona metropolitana de Monterrey. En el municipio de Apodaca, en la colonia Paseo de la Loma, las brigadas que encabeza Osvaldo Serna Serv\u00edn, presidente de las Asociaciones Vecinales, hicieron [&hellip;]<\/p>\n","protected":false},"author":1,"featured_media":10569,"comment_status":"open","ping_status":"open","sticky":true,"template":"","format":"standard","meta":{"footnotes":""},"categories":[6],"tags":[],"_links":{"self":[{"href":"https:\/\/diariodigitalmx.com\/index.php\/wp-json\/wp\/v2\/posts\/10567"}],"collection":[{"href":"https:\/\/diariodigitalmx.com\/index.php\/wp-json\/wp\/v2\/posts"}],"about":[{"href":"https:\/\/diariodigitalmx.com\/index.php\/wp-json\/wp\/v2\/types\/post"}],"author":[{"embeddable":true,"href":"https:\/\/diariodigitalmx.com\/index.php\/wp-json\/wp\/v2\/users\/1"}],"replies":[{"embeddable":true,"href":"https:\/\/diariodigitalmx.com\/index.php\/wp-json\/wp\/v2\/comments?post=10567"}],"version-history":[{"count":10,"href":"https:\/\/diariodigitalmx.com\/index.php\/wp-json\/wp\/v2\/posts\/10567\/revisions"}],"predecessor-version":[{"id":10592,"href":"https:\/\/diariodigitalmx.com\/index.php\/wp-json\/wp\/v2\/posts\/10567\/revisions\/10592"}],"wp:featuredmedia":[{"embeddable":true,"href":"https:\/\/diariodigitalmx.com\/index.php\/wp-json\/wp\/v2\/media\/10569"}],"wp:attachment":[{"href":"https:\/\/diariodigitalmx.com\/index.php\/wp-json\/wp\/v2\/media?parent=10567"}],"wp:term":[{"taxonomy":"category","embeddable":true,"href":"https:\/\/diariodigitalmx.com\/index.php\/wp-json\/wp\/v2\/categories?post=10567"},{"taxonomy":"post_tag","embeddable":true,"href":"https:\/\/diariodigitalmx.com\/index.php\/wp-json\/wp\/v2\/tags?post=10567"}],"curies":[{"name":"wp","href":"https:\/\/api.w.org\/{rel}","templated":true}]}}