{"id":105822,"date":"2023-09-11T23:30:53","date_gmt":"2023-09-12T04:30:53","guid":{"rendered":"http:\/\/diariodigitalmx.com\/?p=105822"},"modified":"2023-09-11T23:31:26","modified_gmt":"2023-09-12T04:31:26","slug":"decomisan-droga-en-puente-colombia","status":"publish","type":"post","link":"https:\/\/diariodigitalmx.com\/index.php\/2023\/09\/11\/decomisan-droga-en-puente-colombia\/","title":{"rendered":"Decomisan droga en Puente Colombia"},"content":{"rendered":"\n<p><br>Por Rogelio Romero<br>Laredo, Texas.- Autoridades federales decomisaron una carga de 54.43 kil\u00f3s de metanfetaminas que iba oculta dentro de un auto BMW X5 modelo 2010, esto paso tras que el veh\u00edculo cruzara el puente internacional.<br>El auto era conducido por un ciudadano mexicano de 47 a\u00f1os de edad, cuando el agente de aduanas remiti\u00f3 el veh\u00edculo a la zona de inspecci\u00f3n secundaria.<br>Los agentes federales utilizaron el sistema de rayos gama para detectar los narc\u00f3ticos dentro del veh\u00edculo.<br>Las autoridades se\u00f1alaron que por su peso, la droga tiene un valor de 1.1 millones de d\u00f3lares.<br>Por lo que respecta al chofer este fue detenido, y ahora enfrenta cargos federales por contrabando de drogas.<\/p>\n","protected":false},"excerpt":{"rendered":"<p>Por Rogelio RomeroLaredo, Texas.- Autoridades federales decomisaron una carga de 54.43 kil\u00f3s de metanfetaminas que iba oculta dentro de un auto BMW X5 modelo 2010, esto paso tras que el veh\u00edculo cruzara el puente internacional.El auto era conducido por un ciudadano mexicano de 47 a\u00f1os de edad, cuando el agente de aduanas remiti\u00f3 el veh\u00edculo [&hellip;]<\/p>\n","protected":false},"author":1,"featured_media":105824,"comment_status":"open","ping_status":"open","sticky":true,"template":"","format":"standard","meta":{"footnotes":""},"categories":[14,4],"tags":[],"_links":{"self":[{"href":"https:\/\/diariodigitalmx.com\/index.php\/wp-json\/wp\/v2\/posts\/105822"}],"collection":[{"href":"https:\/\/diariodigitalmx.com\/index.php\/wp-json\/wp\/v2\/posts"}],"about":[{"href":"https:\/\/diariodigitalmx.com\/index.php\/wp-json\/wp\/v2\/types\/post"}],"author":[{"embeddable":true,"href":"https:\/\/diariodigitalmx.com\/index.php\/wp-json\/wp\/v2\/users\/1"}],"replies":[{"embeddable":true,"href":"https:\/\/diariodigitalmx.com\/index.php\/wp-json\/wp\/v2\/comments?post=105822"}],"version-history":[{"count":1,"href":"https:\/\/diariodigitalmx.com\/index.php\/wp-json\/wp\/v2\/posts\/105822\/revisions"}],"predecessor-version":[{"id":105823,"href":"https:\/\/diariodigitalmx.com\/index.php\/wp-json\/wp\/v2\/posts\/105822\/revisions\/105823"}],"wp:featuredmedia":[{"embeddable":true,"href":"https:\/\/diariodigitalmx.com\/index.php\/wp-json\/wp\/v2\/media\/105824"}],"wp:attachment":[{"href":"https:\/\/diariodigitalmx.com\/index.php\/wp-json\/wp\/v2\/media?parent=105822"}],"wp:term":[{"taxonomy":"category","embeddable":true,"href":"https:\/\/diariodigitalmx.com\/index.php\/wp-json\/wp\/v2\/categories?post=105822"},{"taxonomy":"post_tag","embeddable":true,"href":"https:\/\/diariodigitalmx.com\/index.php\/wp-json\/wp\/v2\/tags?post=105822"}],"curies":[{"name":"wp","href":"https:\/\/api.w.org\/{rel}","templated":true}]}}