{"id":10593,"date":"2019-08-25T12:53:38","date_gmt":"2019-08-25T17:53:38","guid":{"rendered":"http:\/\/diariodigitalmx.com\/?p=10593"},"modified":"2019-08-25T13:05:35","modified_gmt":"2019-08-25T18:05:35","slug":"el-exito-de-las-asociaciones-vecinales-de-la-froc-san-nicolas-de-los-garza-constata-su-el-trabajo","status":"publish","type":"post","link":"https:\/\/diariodigitalmx.com\/index.php\/2019\/08\/25\/el-exito-de-las-asociaciones-vecinales-de-la-froc-san-nicolas-de-los-garza-constata-su-el-trabajo\/","title":{"rendered":"El \u00e9xito de las Asociaciones Vecinales de la FROC; San Nicol\u00e1s de los Garza constata su trabajo"},"content":{"rendered":"\n<p>*En Nuevo Le\u00f3n reafirman su fuerza y confianza de los vecinos<\/p>\n\n\n\n<p>*Por encima de colores y partidos; la \u00fanica ideolog\u00eda es buscar y encontrar soluciones a los planteamientos sociales: Osvaldo Serna<\/p>\n\n\n\n<figure class=\"wp-block-image\"><img loading=\"lazy\" decoding=\"async\" width=\"768\" height=\"1024\" src=\"http:\/\/diariodigitalmx.com\/wp-content\/uploads\/2019\/08\/IMG-20190825-WA0009-768x1024.jpg\" alt=\"\" class=\"wp-image-10598\" srcset=\"https:\/\/diariodigitalmx.com\/wp-content\/uploads\/2019\/08\/IMG-20190825-WA0009-768x1024.jpg 768w, https:\/\/diariodigitalmx.com\/wp-content\/uploads\/2019\/08\/IMG-20190825-WA0009-225x300.jpg 225w, https:\/\/diariodigitalmx.com\/wp-content\/uploads\/2019\/08\/IMG-20190825-WA0009.jpg 864w\" sizes=\"(max-width: 768px) 100vw, 768px\" \/><\/figure>\n\n\n\n<p>Las brigadas sociales de las Asociaciones Vecinales avanzan en su objetivo de cubrir en principio,&nbsp; el territorio metropolitano regiomontano y ahora estuvieron en la Colonia Valle de las Granjas en el Ayuntamiento de&nbsp; San Nicol\u00e1s de los Garza.<br><\/p>\n\n\n\n<p>La&nbsp; coordinadora vecinal&nbsp; Mar\u00eda Teresa Ram\u00edrez recibi\u00f3 al equipo multidisciplinario que integran las Asociaciones Vecinales que preside a nivel estatal Osvaldo Serna Serv\u00edn as\u00ed como al de log\u00edstica que se encarga de que los eventos salgan a la perfecci\u00f3n.<\/p>\n\n\n\n<p><br><\/p>\n\n\n\n<figure class=\"wp-block-image\"><img loading=\"lazy\" decoding=\"async\" width=\"1024\" height=\"768\" src=\"http:\/\/diariodigitalmx.com\/wp-content\/uploads\/2019\/08\/IMG-20190825-WA0055-1024x768.jpg\" alt=\"\" class=\"wp-image-10601\" srcset=\"https:\/\/diariodigitalmx.com\/wp-content\/uploads\/2019\/08\/IMG-20190825-WA0055-1024x768.jpg 1024w, https:\/\/diariodigitalmx.com\/wp-content\/uploads\/2019\/08\/IMG-20190825-WA0055-300x225.jpg 300w, https:\/\/diariodigitalmx.com\/wp-content\/uploads\/2019\/08\/IMG-20190825-WA0055-768x576.jpg 768w, https:\/\/diariodigitalmx.com\/wp-content\/uploads\/2019\/08\/IMG-20190825-WA0055.jpg 1152w\" sizes=\"(max-width: 1024px) 100vw, 1024px\" \/><\/figure>\n\n\n\n<p>Nutrido el equipo con&nbsp; Rub\u00e9n Basaldua, regidor de Monterrey; integrantes de la base Secci\u00f3n 1, militantes de la FROC del municipio de Garc\u00eda,&nbsp; Ramiro Vargas Lugo, Yaneth Alonso Almaguer  y Vanesa Esquivel entre otros participan con entusiasmo en las brigadas que permiten llevar un servicio profesional a las familias y al mismo tiempo un momento de esparcimiento con la tradicional y muy mexicana loter\u00eda que nunca debe faltar.<\/p>\n\n\n\n<p><br><\/p>\n\n\n\n<figure class=\"wp-block-image\"><img loading=\"lazy\" decoding=\"async\" width=\"1024\" height=\"768\" src=\"http:\/\/diariodigitalmx.com\/wp-content\/uploads\/2019\/08\/IMG-20190825-WA0048-1024x768.jpg\" alt=\"\" class=\"wp-image-10604\" srcset=\"https:\/\/diariodigitalmx.com\/wp-content\/uploads\/2019\/08\/IMG-20190825-WA0048-1024x768.jpg 1024w, https:\/\/diariodigitalmx.com\/wp-content\/uploads\/2019\/08\/IMG-20190825-WA0048-300x225.jpg 300w, https:\/\/diariodigitalmx.com\/wp-content\/uploads\/2019\/08\/IMG-20190825-WA0048-768x576.jpg 768w, https:\/\/diariodigitalmx.com\/wp-content\/uploads\/2019\/08\/IMG-20190825-WA0048.jpg 1152w\" sizes=\"(max-width: 1024px) 100vw, 1024px\" \/><\/figure>\n\n\n\n<p>Los servicios m\u00e9dicos, de odontolog\u00eda, abogados, estilistas, pod\u00f3logos y optometristas entre otros, proporcionaron a los vecinos de esa colonia la calidad en la materia.<br><\/p>\n\n\n\n<p>Las asesor\u00edas no s\u00f3lo legales, sino tambi\u00e9n en lo relativo al Infonavit, Imss y educaci\u00f3n son tambi\u00e9n proporcionadas.<\/p>\n\n\n\n<p><br><\/p>\n\n\n\n<figure class=\"wp-block-image\"><img loading=\"lazy\" decoding=\"async\" width=\"768\" height=\"1024\" src=\"http:\/\/diariodigitalmx.com\/wp-content\/uploads\/2019\/08\/IMG-20190825-WA0027-768x1024.jpg\" alt=\"\" class=\"wp-image-10610\" srcset=\"https:\/\/diariodigitalmx.com\/wp-content\/uploads\/2019\/08\/IMG-20190825-WA0027-768x1024.jpg 768w, https:\/\/diariodigitalmx.com\/wp-content\/uploads\/2019\/08\/IMG-20190825-WA0027-225x300.jpg 225w, https:\/\/diariodigitalmx.com\/wp-content\/uploads\/2019\/08\/IMG-20190825-WA0027.jpg 864w\" sizes=\"(max-width: 768px) 100vw, 768px\" \/><\/figure>\n\n\n\n<p>&nbsp;&#8220;Es la responsabilidad social que exigen los nuevos tiempos y que en la CROC que encabeza en Nuevo Le\u00f3n, C\u00e9sar Alberto Serna de Le\u00f3n, se practica desde hace a\u00f1os, desde que era l\u00edder Agust\u00edn Serna Serv\u00edn, (QEPD), por lo que nosotros no hacemos m\u00e1s que seguir el legado de nuestro l\u00edder mora y mantener la cercan\u00eda con la gente&#8221;, record\u00f3 Osvaldo Serna, que adem\u00e1s de dirigir las Asociaciones Vecinales, es secretario general de la Federaci\u00f3n Estatal de Sindicatos de Trabajadores del Autotransporte (FESTA).<\/p>\n\n\n\n<p><br><\/p>\n\n\n\n<figure class=\"wp-block-image\"><img loading=\"lazy\" decoding=\"async\" width=\"1024\" height=\"768\" src=\"http:\/\/diariodigitalmx.com\/wp-content\/uploads\/2019\/08\/IMG-20190825-WA0069-1024x768.jpg\" alt=\"\" class=\"wp-image-10607\" srcset=\"https:\/\/diariodigitalmx.com\/wp-content\/uploads\/2019\/08\/IMG-20190825-WA0069-1024x768.jpg 1024w, https:\/\/diariodigitalmx.com\/wp-content\/uploads\/2019\/08\/IMG-20190825-WA0069-300x225.jpg 300w, https:\/\/diariodigitalmx.com\/wp-content\/uploads\/2019\/08\/IMG-20190825-WA0069-768x576.jpg 768w, https:\/\/diariodigitalmx.com\/wp-content\/uploads\/2019\/08\/IMG-20190825-WA0069.jpg 1152w\" sizes=\"(max-width: 1024px) 100vw, 1024px\" \/><\/figure>\n\n\n\n<p>En este sentido, invit\u00f3 a la poblaci\u00f3n en general a acercarse a esa organizaci\u00f3n para recibir gratuitamente asesor\u00edas en materia laboral, educativa y cualquier problema que enfrenten a nivel particular o vecinal en su sector. &#8220;Las puertas est\u00e1n abiertas y encontraremos la soluci\u00f3n juntos a la problem\u00e1tica&#8221;.<\/p>\n\n\n\n<figure class=\"wp-block-image\"><img loading=\"lazy\" decoding=\"async\" width=\"1024\" height=\"768\" src=\"http:\/\/diariodigitalmx.com\/wp-content\/uploads\/2019\/08\/IMG-20190825-WA0079-1024x768.jpg\" alt=\"\" class=\"wp-image-10612\" srcset=\"https:\/\/diariodigitalmx.com\/wp-content\/uploads\/2019\/08\/IMG-20190825-WA0079-1024x768.jpg 1024w, https:\/\/diariodigitalmx.com\/wp-content\/uploads\/2019\/08\/IMG-20190825-WA0079-300x225.jpg 300w, https:\/\/diariodigitalmx.com\/wp-content\/uploads\/2019\/08\/IMG-20190825-WA0079-768x576.jpg 768w, https:\/\/diariodigitalmx.com\/wp-content\/uploads\/2019\/08\/IMG-20190825-WA0079.jpg 1152w\" sizes=\"(max-width: 1024px) 100vw, 1024px\" \/><\/figure>\n\n\n\n<figure class=\"wp-block-image\"><img loading=\"lazy\" decoding=\"async\" width=\"1024\" height=\"768\" src=\"http:\/\/diariodigitalmx.com\/wp-content\/uploads\/2019\/08\/IMG-20190825-WA0037-1024x768.jpg\" alt=\"\" class=\"wp-image-10615\" srcset=\"https:\/\/diariodigitalmx.com\/wp-content\/uploads\/2019\/08\/IMG-20190825-WA0037-1024x768.jpg 1024w, https:\/\/diariodigitalmx.com\/wp-content\/uploads\/2019\/08\/IMG-20190825-WA0037-300x225.jpg 300w, https:\/\/diariodigitalmx.com\/wp-content\/uploads\/2019\/08\/IMG-20190825-WA0037-768x576.jpg 768w, https:\/\/diariodigitalmx.com\/wp-content\/uploads\/2019\/08\/IMG-20190825-WA0037.jpg 1152w\" sizes=\"(max-width: 1024px) 100vw, 1024px\" \/><\/figure>\n\n\n\n<figure class=\"wp-block-image\"><img loading=\"lazy\" decoding=\"async\" width=\"768\" height=\"1024\" src=\"http:\/\/diariodigitalmx.com\/wp-content\/uploads\/2019\/08\/IMG-20190825-WA0061-768x1024.jpg\" alt=\"\" class=\"wp-image-10618\" srcset=\"https:\/\/diariodigitalmx.com\/wp-content\/uploads\/2019\/08\/IMG-20190825-WA0061-768x1024.jpg 768w, https:\/\/diariodigitalmx.com\/wp-content\/uploads\/2019\/08\/IMG-20190825-WA0061-225x300.jpg 225w, https:\/\/diariodigitalmx.com\/wp-content\/uploads\/2019\/08\/IMG-20190825-WA0061.jpg 864w\" sizes=\"(max-width: 768px) 100vw, 768px\" \/><\/figure>\n\n\n\n<ul class=\"wp-block-gallery columns-1 is-cropped wp-block-gallery-1 is-layout-flex wp-block-gallery-is-layout-flex\"><li class=\"blocks-gallery-item\"><figure><img loading=\"lazy\" decoding=\"async\" width=\"1024\" height=\"768\" src=\"http:\/\/diariodigitalmx.com\/wp-content\/uploads\/2019\/08\/IMG-20190825-WA0046-1024x768.jpg\" alt=\"\" data-id=\"10621\" data-link=\"http:\/\/diariodigitalmx.com\/index.php\/2019\/08\/25\/el-exito-de-las-asociaciones-vecinales-de-la-froc-san-nicolas-de-los-garza-constata-su-el-trabajo\/img-20190825-wa0046\/\" class=\"wp-image-10621\" srcset=\"https:\/\/diariodigitalmx.com\/wp-content\/uploads\/2019\/08\/IMG-20190825-WA0046-1024x768.jpg 1024w, https:\/\/diariodigitalmx.com\/wp-content\/uploads\/2019\/08\/IMG-20190825-WA0046-300x225.jpg 300w, https:\/\/diariodigitalmx.com\/wp-content\/uploads\/2019\/08\/IMG-20190825-WA0046-768x576.jpg 768w, https:\/\/diariodigitalmx.com\/wp-content\/uploads\/2019\/08\/IMG-20190825-WA0046.jpg 1152w\" sizes=\"(max-width: 1024px) 100vw, 1024px\" \/><\/figure><\/li><\/ul>\n\n\n\n<figure class=\"wp-block-image\"><img loading=\"lazy\" decoding=\"async\" width=\"1024\" height=\"768\" src=\"http:\/\/diariodigitalmx.com\/wp-content\/uploads\/2019\/08\/IMG-20190825-WA0051-1024x768.jpg\" alt=\"\" class=\"wp-image-10624\" srcset=\"https:\/\/diariodigitalmx.com\/wp-content\/uploads\/2019\/08\/IMG-20190825-WA0051-1024x768.jpg 1024w, https:\/\/diariodigitalmx.com\/wp-content\/uploads\/2019\/08\/IMG-20190825-WA0051-300x225.jpg 300w, https:\/\/diariodigitalmx.com\/wp-content\/uploads\/2019\/08\/IMG-20190825-WA0051-768x576.jpg 768w, https:\/\/diariodigitalmx.com\/wp-content\/uploads\/2019\/08\/IMG-20190825-WA0051.jpg 1152w\" sizes=\"(max-width: 1024px) 100vw, 1024px\" \/><\/figure>\n\n\n\n<p><\/p>\n\n\n\n<p><\/p>\n\n\n\n<p><\/p>\n","protected":false},"excerpt":{"rendered":"<p>*En Nuevo Le\u00f3n reafirman su fuerza y confianza de los vecinos *Por encima de colores y partidos; la \u00fanica ideolog\u00eda es buscar y encontrar soluciones a los planteamientos sociales: Osvaldo Serna Las brigadas sociales de las Asociaciones Vecinales avanzan en su objetivo de cubrir en principio,&nbsp; el territorio metropolitano regiomontano y ahora estuvieron en la [&hellip;]<\/p>\n","protected":false},"author":1,"featured_media":10596,"comment_status":"open","ping_status":"open","sticky":true,"template":"","format":"standard","meta":{"footnotes":""},"categories":[6],"tags":[],"_links":{"self":[{"href":"https:\/\/diariodigitalmx.com\/index.php\/wp-json\/wp\/v2\/posts\/10593"}],"collection":[{"href":"https:\/\/diariodigitalmx.com\/index.php\/wp-json\/wp\/v2\/posts"}],"about":[{"href":"https:\/\/diariodigitalmx.com\/index.php\/wp-json\/wp\/v2\/types\/post"}],"author":[{"embeddable":true,"href":"https:\/\/diariodigitalmx.com\/index.php\/wp-json\/wp\/v2\/users\/1"}],"replies":[{"embeddable":true,"href":"https:\/\/diariodigitalmx.com\/index.php\/wp-json\/wp\/v2\/comments?post=10593"}],"version-history":[{"count":15,"href":"https:\/\/diariodigitalmx.com\/index.php\/wp-json\/wp\/v2\/posts\/10593\/revisions"}],"predecessor-version":[{"id":10629,"href":"https:\/\/diariodigitalmx.com\/index.php\/wp-json\/wp\/v2\/posts\/10593\/revisions\/10629"}],"wp:featuredmedia":[{"embeddable":true,"href":"https:\/\/diariodigitalmx.com\/index.php\/wp-json\/wp\/v2\/media\/10596"}],"wp:attachment":[{"href":"https:\/\/diariodigitalmx.com\/index.php\/wp-json\/wp\/v2\/media?parent=10593"}],"wp:term":[{"taxonomy":"category","embeddable":true,"href":"https:\/\/diariodigitalmx.com\/index.php\/wp-json\/wp\/v2\/categories?post=10593"},{"taxonomy":"post_tag","embeddable":true,"href":"https:\/\/diariodigitalmx.com\/index.php\/wp-json\/wp\/v2\/tags?post=10593"}],"curies":[{"name":"wp","href":"https:\/\/api.w.org\/{rel}","templated":true}]}}