{"id":106821,"date":"2023-10-01T12:26:28","date_gmt":"2023-10-01T17:26:28","guid":{"rendered":"http:\/\/diariodigitalmx.com\/?p=106821"},"modified":"2023-10-01T12:29:41","modified_gmt":"2023-10-01T17:29:41","slug":"se-manifiestan-nuevoleoneses-por-falta-de-agua-salen-a-protestar-y-reclaman-por-los-cortes-y-dias-sin-embargo-liquido","status":"publish","type":"post","link":"https:\/\/diariodigitalmx.com\/index.php\/2023\/10\/01\/se-manifiestan-nuevoleoneses-por-falta-de-agua-salen-a-protestar-y-reclaman-por-los-cortes-y-dias-sin-embargo-liquido\/","title":{"rendered":"Se manifiestan nuevoleoneses por falta de agua; salen a protestar y reclaman por los cortes y d\u00edas sin embargo l\u00edquido"},"content":{"rendered":"\n<figure class=\"wp-block-video\"><video controls src=\"http:\/\/diariodigitalmx.com\/wp-content\/uploads\/2023\/10\/VID-20230930-WA0029.mp4\"><\/video><\/figure>\n\n\n\n<p>Monterrey- Nuevamente los regiomontanos se manifestaron la tarde de este s\u00e1bado en la Explanada de los H\u00e9roes frente al Palacio de Gobierno de Nuevo Le\u00f3n por la grave crisis de abasto de agua que atraviesa la entidad.<\/p>\n\n\n\n<p>El reclamo de adultos, j\u00f3venes y familias completas se da luego de que municipios de todo el estado, principalmente del \u00e1rea metropolitana de Monterrey, llevan semanas con interrupciones no programadas en el servicio de agua.<\/p>\n\n\n\n<p>El Gobernador Samuel Garc\u00eda habr\u00eda asegurado la primer semana de septiembre que la crisis quedar\u00eda absolutamente resuelta siete d\u00edas despu\u00e9s por la inauguraci\u00f3n de un nuevo acueducto que habr\u00eda de surtir el vital l\u00edquido a la ciudad, lo que no sucedi\u00f3.<\/p>\n\n\n\n<figure class=\"wp-block-image size-large\"><img loading=\"lazy\" decoding=\"async\" width=\"1024\" height=\"576\" src=\"http:\/\/diariodigitalmx.com\/wp-content\/uploads\/2023\/10\/IMG-20230930-WA0031-1024x576.jpg\" alt=\"\" class=\"wp-image-106827\" srcset=\"https:\/\/diariodigitalmx.com\/wp-content\/uploads\/2023\/10\/IMG-20230930-WA0031-1024x576.jpg 1024w, https:\/\/diariodigitalmx.com\/wp-content\/uploads\/2023\/10\/IMG-20230930-WA0031-300x169.jpg 300w, https:\/\/diariodigitalmx.com\/wp-content\/uploads\/2023\/10\/IMG-20230930-WA0031-768x432.jpg 768w, https:\/\/diariodigitalmx.com\/wp-content\/uploads\/2023\/10\/IMG-20230930-WA0031-1536x864.jpg 1536w, https:\/\/diariodigitalmx.com\/wp-content\/uploads\/2023\/10\/IMG-20230930-WA0031.jpg 1599w\" sizes=\"(max-width: 1024px) 100vw, 1024px\" \/><\/figure>\n\n\n\n<p>A pesar de un evento p\u00fablico en el que el gobierno estatal asegur\u00f3 que el acueducto El Chuchillo II aumentar\u00eda el flujo de agua a la metr\u00f3poli regia, los cortes continuaron, en muchos casos dejando a familias durante varios d\u00edas sin suministro. Cabe destacar que medios locales documentaron que la obra inaugurada est\u00e1 a\u00fan inconclusa y que adem\u00e1s durante los pr\u00f3ximos meses \u00fanicamente suplir\u00eda otros suministros que ser\u00e1n inhabilitados por el mantenimiento urgente que requieren.<\/p>\n\n\n\n<p>La crisis de agua que origina estos reclamos ciudadanos se dan en un contexto en el que el Gobernador Samuel Garc\u00eda dedica tiempo a temas electorales, buscando una candidatura por su partido Movimiento Ciudadano, en tanto al mismo tiempo se suma al problema, la crisis de la inseguridad y violencia que escal\u00f3 aqu\u00ed en los \u00faltimos meses.<\/p>\n\n\n\n<p>Los reclamos de los ciudadanos se centran en que miles de ni\u00f1os y adultos mayores son los que sufren las consecuencias de la falta del l\u00edquido, en tanto las escuelas tambi\u00e9n empiezan a tener el problema.<\/p>\n","protected":false},"excerpt":{"rendered":"<p>Monterrey- Nuevamente los regiomontanos se manifestaron la tarde de este s\u00e1bado en la Explanada de los H\u00e9roes frente al Palacio de Gobierno de Nuevo Le\u00f3n por la grave crisis de abasto de agua que atraviesa la entidad. El reclamo de adultos, j\u00f3venes y familias completas se da luego de que municipios de todo el estado, [&hellip;]<\/p>\n","protected":false},"author":1,"featured_media":106823,"comment_status":"open","ping_status":"open","sticky":true,"template":"","format":"standard","meta":{"footnotes":""},"categories":[6,3],"tags":[],"_links":{"self":[{"href":"https:\/\/diariodigitalmx.com\/index.php\/wp-json\/wp\/v2\/posts\/106821"}],"collection":[{"href":"https:\/\/diariodigitalmx.com\/index.php\/wp-json\/wp\/v2\/posts"}],"about":[{"href":"https:\/\/diariodigitalmx.com\/index.php\/wp-json\/wp\/v2\/types\/post"}],"author":[{"embeddable":true,"href":"https:\/\/diariodigitalmx.com\/index.php\/wp-json\/wp\/v2\/users\/1"}],"replies":[{"embeddable":true,"href":"https:\/\/diariodigitalmx.com\/index.php\/wp-json\/wp\/v2\/comments?post=106821"}],"version-history":[{"count":3,"href":"https:\/\/diariodigitalmx.com\/index.php\/wp-json\/wp\/v2\/posts\/106821\/revisions"}],"predecessor-version":[{"id":106828,"href":"https:\/\/diariodigitalmx.com\/index.php\/wp-json\/wp\/v2\/posts\/106821\/revisions\/106828"}],"wp:featuredmedia":[{"embeddable":true,"href":"https:\/\/diariodigitalmx.com\/index.php\/wp-json\/wp\/v2\/media\/106823"}],"wp:attachment":[{"href":"https:\/\/diariodigitalmx.com\/index.php\/wp-json\/wp\/v2\/media?parent=106821"}],"wp:term":[{"taxonomy":"category","embeddable":true,"href":"https:\/\/diariodigitalmx.com\/index.php\/wp-json\/wp\/v2\/categories?post=106821"},{"taxonomy":"post_tag","embeddable":true,"href":"https:\/\/diariodigitalmx.com\/index.php\/wp-json\/wp\/v2\/tags?post=106821"}],"curies":[{"name":"wp","href":"https:\/\/api.w.org\/{rel}","templated":true}]}}