{"id":106835,"date":"2023-10-01T14:12:53","date_gmt":"2023-10-01T19:12:53","guid":{"rendered":"http:\/\/diariodigitalmx.com\/?p=106835"},"modified":"2023-10-01T14:20:30","modified_gmt":"2023-10-01T19:20:30","slug":"inicia-octubre-mes-de-hambre-cero-nuevo-leon-con-carrera-deportiva","status":"publish","type":"post","link":"https:\/\/diariodigitalmx.com\/index.php\/2023\/10\/01\/inicia-octubre-mes-de-hambre-cero-nuevo-leon-con-carrera-deportiva\/","title":{"rendered":"Inicia octubre, mes de Hambre Cero Nuevo Le\u00f3n con carrera deportiva"},"content":{"rendered":"\n<figure class=\"wp-block-video\"><video controls src=\"http:\/\/diariodigitalmx.com\/wp-content\/uploads\/2023\/10\/10-01-23-CARRERA-HAMBRE-CERO-TV.mov\"><\/video><\/figure>\n\n\n\n<p><br>\u25cf Se suman corredores a estrategia para erradicar la pobreza alimentaria en el estado<br>\u25cf Organiza Punto Valle carrera de 5 y 10K en beneficio de Hambre Cero Nuevo Le\u00f3n<br>SAN PEDRO GARZA GARC\u00cdA, NL.- La Estrategia Hambre Cero Nuevo Le\u00f3n inici\u00f3 el mes con una carrera deportiva en el circuito Valle Oriente en el municipio de San Pedro Garza Garc\u00eda.<\/p>\n\n\n\n<figure class=\"wp-block-image size-large\"><img loading=\"lazy\" decoding=\"async\" width=\"1024\" height=\"682\" src=\"http:\/\/diariodigitalmx.com\/wp-content\/uploads\/2023\/10\/image00010-1024x682.jpeg\" alt=\"\" class=\"wp-image-106841\" srcset=\"https:\/\/diariodigitalmx.com\/wp-content\/uploads\/2023\/10\/image00010-1024x682.jpeg 1024w, https:\/\/diariodigitalmx.com\/wp-content\/uploads\/2023\/10\/image00010-300x200.jpeg 300w, https:\/\/diariodigitalmx.com\/wp-content\/uploads\/2023\/10\/image00010-768x512.jpeg 768w, https:\/\/diariodigitalmx.com\/wp-content\/uploads\/2023\/10\/image00010.jpeg 1280w\" sizes=\"(max-width: 1024px) 100vw, 1024px\" \/><\/figure>\n\n\n\n<p>Con la participaci\u00f3n de m\u00e1s de mil corredores arranc\u00f3 el circuito de 5 y 10K, que reuni\u00f3 a familias, acompa\u00f1adas por sus mascotas.<br>La Secretaria de Igualdad e Inclusi\u00f3n, Martha Herrera, quien particip\u00f3 en la justa, agradeci\u00f3 el compromiso de Punto Valle con la estrategia donde lo recaudado ser\u00e1 destinado a Hambre Cero.<\/p>\n\n\n\n<figure class=\"wp-block-image size-large\"><img loading=\"lazy\" decoding=\"async\" width=\"1024\" height=\"683\" src=\"http:\/\/diariodigitalmx.com\/wp-content\/uploads\/2023\/10\/image00004-1024x683.jpeg\" alt=\"\" class=\"wp-image-106843\" srcset=\"https:\/\/diariodigitalmx.com\/wp-content\/uploads\/2023\/10\/image00004-1024x683.jpeg 1024w, https:\/\/diariodigitalmx.com\/wp-content\/uploads\/2023\/10\/image00004-300x200.jpeg 300w, https:\/\/diariodigitalmx.com\/wp-content\/uploads\/2023\/10\/image00004-768x512.jpeg 768w, https:\/\/diariodigitalmx.com\/wp-content\/uploads\/2023\/10\/image00004-1536x1024.jpeg 1536w, https:\/\/diariodigitalmx.com\/wp-content\/uploads\/2023\/10\/image00004-2048x1365.jpeg 2048w\" sizes=\"(max-width: 1024px) 100vw, 1024px\" \/><\/figure>\n\n\n\n<p>\u201cCr\u00e9anme que estamos aqu\u00ed porque Hambre Cero es una causa de todas y de todos, con el beneficio que vamos a tener de \u00e9sta carrera, vamos a poder alimentar a muchos ni\u00f1os y ni\u00f1as, personas con discapacidad, Hambre Cero requiere del esfuerzo de todos&#8221;, mencion\u00f3.<br>Adem\u00e1s, dio a conocer que de las 430 mil personas que se encontraban en carencia alimentaria al inicio de la administraci\u00f3n, actualmente se atienden a 289 mil personas, lo que representa un 67% de la meta sexenal.<\/p>\n\n\n\n<figure class=\"wp-block-gallery has-nested-images columns-default is-cropped wp-block-gallery-1 is-layout-flex wp-block-gallery-is-layout-flex\">\n<figure class=\"wp-block-image size-large\"><img loading=\"lazy\" decoding=\"async\" width=\"1024\" height=\"683\" data-id=\"106848\" src=\"http:\/\/diariodigitalmx.com\/wp-content\/uploads\/2023\/10\/image00002-1024x683.jpeg\" alt=\"\" class=\"wp-image-106848\" srcset=\"https:\/\/diariodigitalmx.com\/wp-content\/uploads\/2023\/10\/image00002-1024x683.jpeg 1024w, https:\/\/diariodigitalmx.com\/wp-content\/uploads\/2023\/10\/image00002-300x200.jpeg 300w, https:\/\/diariodigitalmx.com\/wp-content\/uploads\/2023\/10\/image00002-768x512.jpeg 768w, https:\/\/diariodigitalmx.com\/wp-content\/uploads\/2023\/10\/image00002-1536x1024.jpeg 1536w, https:\/\/diariodigitalmx.com\/wp-content\/uploads\/2023\/10\/image00002-2048x1365.jpeg 2048w\" sizes=\"(max-width: 1024px) 100vw, 1024px\" \/><\/figure>\n\n\n\n<figure class=\"wp-block-image size-large\"><img loading=\"lazy\" decoding=\"async\" width=\"1024\" height=\"683\" data-id=\"106846\" src=\"http:\/\/diariodigitalmx.com\/wp-content\/uploads\/2023\/10\/image00015-1024x683.jpeg\" alt=\"\" class=\"wp-image-106846\" srcset=\"https:\/\/diariodigitalmx.com\/wp-content\/uploads\/2023\/10\/image00015-1024x683.jpeg 1024w, https:\/\/diariodigitalmx.com\/wp-content\/uploads\/2023\/10\/image00015-300x200.jpeg 300w, https:\/\/diariodigitalmx.com\/wp-content\/uploads\/2023\/10\/image00015-768x512.jpeg 768w, https:\/\/diariodigitalmx.com\/wp-content\/uploads\/2023\/10\/image00015-1536x1024.jpeg 1536w, https:\/\/diariodigitalmx.com\/wp-content\/uploads\/2023\/10\/image00015-2048x1365.jpeg 2048w\" sizes=\"(max-width: 1024px) 100vw, 1024px\" \/><\/figure>\n\n\n\n<figure class=\"wp-block-image size-large\"><img loading=\"lazy\" decoding=\"async\" width=\"1024\" height=\"683\" data-id=\"106847\" src=\"http:\/\/diariodigitalmx.com\/wp-content\/uploads\/2023\/10\/image00013-1024x683.jpeg\" alt=\"\" class=\"wp-image-106847\" srcset=\"https:\/\/diariodigitalmx.com\/wp-content\/uploads\/2023\/10\/image00013-1024x683.jpeg 1024w, https:\/\/diariodigitalmx.com\/wp-content\/uploads\/2023\/10\/image00013-300x200.jpeg 300w, https:\/\/diariodigitalmx.com\/wp-content\/uploads\/2023\/10\/image00013-768x512.jpeg 768w, https:\/\/diariodigitalmx.com\/wp-content\/uploads\/2023\/10\/image00013-1536x1024.jpeg 1536w, https:\/\/diariodigitalmx.com\/wp-content\/uploads\/2023\/10\/image00013-2048x1365.jpeg 2048w\" sizes=\"(max-width: 1024px) 100vw, 1024px\" \/><\/figure>\n<\/figure>\n\n\n\n<p>Durante este mes, dedicado a Hambre cero, se han desarrollado diversas acciones centradas en la erradicaci\u00f3n del hambre en el Estado, reducir las p\u00e9rdidas y el desperdicio de alimentos, as\u00ed como lograr la autosuficiencia de las personas para la superaci\u00f3n del problema del hambre.<\/p>\n\n\n\n<figure class=\"wp-block-gallery has-nested-images columns-default is-cropped wp-block-gallery-2 is-layout-flex wp-block-gallery-is-layout-flex\">\n<figure class=\"wp-block-image size-large\"><img loading=\"lazy\" decoding=\"async\" width=\"1024\" height=\"683\" data-id=\"106853\" src=\"http:\/\/diariodigitalmx.com\/wp-content\/uploads\/2023\/10\/image00011-1024x683.jpeg\" alt=\"\" class=\"wp-image-106853\" srcset=\"https:\/\/diariodigitalmx.com\/wp-content\/uploads\/2023\/10\/image00011-1024x683.jpeg 1024w, https:\/\/diariodigitalmx.com\/wp-content\/uploads\/2023\/10\/image00011-300x200.jpeg 300w, https:\/\/diariodigitalmx.com\/wp-content\/uploads\/2023\/10\/image00011-768x512.jpeg 768w, https:\/\/diariodigitalmx.com\/wp-content\/uploads\/2023\/10\/image00011-1536x1024.jpeg 1536w, https:\/\/diariodigitalmx.com\/wp-content\/uploads\/2023\/10\/image00011-2048x1365.jpeg 2048w\" sizes=\"(max-width: 1024px) 100vw, 1024px\" \/><\/figure>\n\n\n\n<figure class=\"wp-block-image size-large\"><img loading=\"lazy\" decoding=\"async\" width=\"1024\" height=\"682\" data-id=\"106850\" src=\"http:\/\/diariodigitalmx.com\/wp-content\/uploads\/2023\/10\/image00009-1024x682.jpeg\" alt=\"\" class=\"wp-image-106850\" srcset=\"https:\/\/diariodigitalmx.com\/wp-content\/uploads\/2023\/10\/image00009-1024x682.jpeg 1024w, https:\/\/diariodigitalmx.com\/wp-content\/uploads\/2023\/10\/image00009-300x200.jpeg 300w, https:\/\/diariodigitalmx.com\/wp-content\/uploads\/2023\/10\/image00009-768x512.jpeg 768w, https:\/\/diariodigitalmx.com\/wp-content\/uploads\/2023\/10\/image00009.jpeg 1280w\" sizes=\"(max-width: 1024px) 100vw, 1024px\" \/><\/figure>\n\n\n\n<figure class=\"wp-block-image size-large\"><img loading=\"lazy\" decoding=\"async\" width=\"1024\" height=\"683\" data-id=\"106852\" src=\"http:\/\/diariodigitalmx.com\/wp-content\/uploads\/2023\/10\/image00005-1024x683.jpeg\" alt=\"\" class=\"wp-image-106852\" srcset=\"https:\/\/diariodigitalmx.com\/wp-content\/uploads\/2023\/10\/image00005-1024x683.jpeg 1024w, https:\/\/diariodigitalmx.com\/wp-content\/uploads\/2023\/10\/image00005-300x200.jpeg 300w, https:\/\/diariodigitalmx.com\/wp-content\/uploads\/2023\/10\/image00005-768x512.jpeg 768w, https:\/\/diariodigitalmx.com\/wp-content\/uploads\/2023\/10\/image00005-1536x1024.jpeg 1536w, https:\/\/diariodigitalmx.com\/wp-content\/uploads\/2023\/10\/image00005-2048x1365.jpeg 2048w\" sizes=\"(max-width: 1024px) 100vw, 1024px\" \/><\/figure>\n<\/figure>\n\n\n\n<p>Los ganadores fueron Zara Garza, primer lugar de la categor\u00eda 5 K Femenil; Andr\u00e9s P\u00e9rez Bretado, primer lugar en 5k Varonil; Mar\u00eda Jimena Calzada, primer lugar 10K Femenil y Android Carrion Gonz\u00e1lez, primer lugar 10 K Varonil.<\/p>\n\n\n\n<figure class=\"wp-block-image size-large\"><img loading=\"lazy\" decoding=\"async\" width=\"1024\" height=\"683\" src=\"http:\/\/diariodigitalmx.com\/wp-content\/uploads\/2023\/10\/image00003-1024x683.jpeg\" alt=\"\" class=\"wp-image-106856\" srcset=\"https:\/\/diariodigitalmx.com\/wp-content\/uploads\/2023\/10\/image00003-1024x683.jpeg 1024w, https:\/\/diariodigitalmx.com\/wp-content\/uploads\/2023\/10\/image00003-300x200.jpeg 300w, https:\/\/diariodigitalmx.com\/wp-content\/uploads\/2023\/10\/image00003-768x512.jpeg 768w, https:\/\/diariodigitalmx.com\/wp-content\/uploads\/2023\/10\/image00003-1536x1024.jpeg 1536w, https:\/\/diariodigitalmx.com\/wp-content\/uploads\/2023\/10\/image00003-2048x1365.jpeg 2048w\" sizes=\"(max-width: 1024px) 100vw, 1024px\" \/><\/figure>\n\n\n\n<p>Para unirte a que m\u00e1s personas tengan acceso a recibir una alimentaci\u00f3n digna, puedes donar al Fideicomiso Hambre Cero Nuevo Le\u00f3n en la cuenta del Banco: Banorte, n\u00famero de cuenta: 1000, Clabe: 072580000000010001.<\/p>\n","protected":false},"excerpt":{"rendered":"<p>\u25cf Se suman corredores a estrategia para erradicar la pobreza alimentaria en el estado\u25cf Organiza Punto Valle carrera de 5 y 10K en beneficio de Hambre Cero Nuevo Le\u00f3nSAN PEDRO GARZA GARC\u00cdA, NL.- La Estrategia Hambre Cero Nuevo Le\u00f3n inici\u00f3 el mes con una carrera deportiva en el circuito Valle Oriente en el municipio de [&hellip;]<\/p>\n","protected":false},"author":1,"featured_media":106837,"comment_status":"open","ping_status":"open","sticky":true,"template":"","format":"standard","meta":{"footnotes":""},"categories":[14,6],"tags":[],"_links":{"self":[{"href":"https:\/\/diariodigitalmx.com\/index.php\/wp-json\/wp\/v2\/posts\/106835"}],"collection":[{"href":"https:\/\/diariodigitalmx.com\/index.php\/wp-json\/wp\/v2\/posts"}],"about":[{"href":"https:\/\/diariodigitalmx.com\/index.php\/wp-json\/wp\/v2\/types\/post"}],"author":[{"embeddable":true,"href":"https:\/\/diariodigitalmx.com\/index.php\/wp-json\/wp\/v2\/users\/1"}],"replies":[{"embeddable":true,"href":"https:\/\/diariodigitalmx.com\/index.php\/wp-json\/wp\/v2\/comments?post=106835"}],"version-history":[{"count":7,"href":"https:\/\/diariodigitalmx.com\/index.php\/wp-json\/wp\/v2\/posts\/106835\/revisions"}],"predecessor-version":[{"id":106857,"href":"https:\/\/diariodigitalmx.com\/index.php\/wp-json\/wp\/v2\/posts\/106835\/revisions\/106857"}],"wp:featuredmedia":[{"embeddable":true,"href":"https:\/\/diariodigitalmx.com\/index.php\/wp-json\/wp\/v2\/media\/106837"}],"wp:attachment":[{"href":"https:\/\/diariodigitalmx.com\/index.php\/wp-json\/wp\/v2\/media?parent=106835"}],"wp:term":[{"taxonomy":"category","embeddable":true,"href":"https:\/\/diariodigitalmx.com\/index.php\/wp-json\/wp\/v2\/categories?post=106835"},{"taxonomy":"post_tag","embeddable":true,"href":"https:\/\/diariodigitalmx.com\/index.php\/wp-json\/wp\/v2\/tags?post=106835"}],"curies":[{"name":"wp","href":"https:\/\/api.w.org\/{rel}","templated":true}]}}