{"id":106861,"date":"2023-10-01T23:02:00","date_gmt":"2023-10-02T04:02:00","guid":{"rendered":"http:\/\/diariodigitalmx.com\/?p=106861"},"modified":"2023-10-01T23:03:52","modified_gmt":"2023-10-02T04:03:52","slug":"es-tiempo-de-mujeres-de-izquierda-gonzalo-yanez","status":"publish","type":"post","link":"https:\/\/diariodigitalmx.com\/index.php\/2023\/10\/01\/es-tiempo-de-mujeres-de-izquierda-gonzalo-yanez\/","title":{"rendered":"Es tiempo de mujeres de izquierda: Gonzalo Y\u00e1\u00f1ez"},"content":{"rendered":"\n<p>Es tiempo de las mujeres, pero de las mujeres de izquierda, no de derecha, se\u00f1al\u00f3 Gonzalo Y\u00e1\u00f1ez, senador del Partido del Trabajo, ante cerca de mil integrantes de la Sectorial de Mujeres del PT.<\/p>\n\n\n\n<p>Al participar como ponente del tema \u201cEl Partido del Trabajo, un partido l\u00ednea de masas\u201d, lanz\u00f3 un llamado a cerrar filas en torno a Claudia Sheinbaum, la coordinadora de los Comit\u00e9s de Defensa de 4T.<\/p>\n\n\n\n<p>Pidi\u00f3 dar una fuerte lucha y tener confianza, pero no confiarse, en que por vez primera en la historia pol\u00edtica de M\u00e9xico, la primer magistratura de la naci\u00f3n la ocupe una mujer de izquierda.<\/p>\n\n\n\n<figure class=\"wp-block-image size-full\"><img loading=\"lazy\" decoding=\"async\" width=\"956\" height=\"525\" src=\"http:\/\/diariodigitalmx.com\/wp-content\/uploads\/2023\/10\/IMG-20231001-WA0002.jpg\" alt=\"\" class=\"wp-image-106865\" srcset=\"https:\/\/diariodigitalmx.com\/wp-content\/uploads\/2023\/10\/IMG-20231001-WA0002.jpg 956w, https:\/\/diariodigitalmx.com\/wp-content\/uploads\/2023\/10\/IMG-20231001-WA0002-300x165.jpg 300w, https:\/\/diariodigitalmx.com\/wp-content\/uploads\/2023\/10\/IMG-20231001-WA0002-768x422.jpg 768w\" sizes=\"(max-width: 956px) 100vw, 956px\" \/><\/figure>\n\n\n\n<p>\u201cSer\u00e1 un parteaguas y hay que hacer un gran esfuerzo para que Claudia Sheinbaum contin\u00fae la 4T con sello propio\u201d, dijo.<\/p>\n\n\n\n<p>Gonzalo Y\u00e1\u00f1ez hizo otro llamado a cerrar filas en torno a que el PT sea un partido en l\u00edneas de masas con las luchas feministas.<\/p>\n\n\n\n<p>\u201cEl Partido del Trabajo es un partido l\u00ednea de masas y la l\u00ednea de masas es la l\u00ednea fundamental de toda nuestra lucha\u201d, explic\u00f3 y a\u00f1adi\u00f3 que esta filosof\u00eda exige servir al pueblo y no servirse del pueblo.<\/p>\n\n\n\n<p>\u201cSi no vas a servir al pueblo, lo dem\u00e1s ya no es l\u00ednea de masas. Puede ser manipulaci\u00f3n o explotaci\u00f3n de las masas\u201d, puntualiz\u00f3.<\/p>\n\n\n\n<p>Agreg\u00f3 que servir al pueblo bajo la l\u00ednea de masas es estar enamorado del pueblo y de una causa social.<\/p>\n\n\n\n<p>\u201cAmor al pueblo, exactamente esa es la esencia\u201d, asever\u00f3 en la conferencia zoom.<\/p>\n\n\n\n<p>Para promover el feminismo en l\u00ednea de masas propuso considerar dos luchas conjuntas: la liberaci\u00f3n de las mujeres y la emancipaci\u00f3n de todo el pueblo.<\/p>\n\n\n\n<p>Se\u00f1al\u00f3 que no basta la paridad de g\u00e9nero, ni la igualdad sustantiva es suficiente mientras siga la explotaci\u00f3n, la corrupci\u00f3n y la opresi\u00f3n del sistema capitalista y su modelo patriarcal.<\/p>\n\n\n\n<p>Sintetiz\u00f3 que la l\u00ednea de masas es darle todo el poder al pueblo y tener un gobierno para el pueblo y no un pueblo para el gobierno.<\/p>\n\n\n\n<figure class=\"wp-block-image size-full\"><img loading=\"lazy\" decoding=\"async\" width=\"494\" height=\"471\" src=\"http:\/\/diariodigitalmx.com\/wp-content\/uploads\/2023\/10\/IMG-20231001-WA0001.jpg\" alt=\"\" class=\"wp-image-106867\" srcset=\"https:\/\/diariodigitalmx.com\/wp-content\/uploads\/2023\/10\/IMG-20231001-WA0001.jpg 494w, https:\/\/diariodigitalmx.com\/wp-content\/uploads\/2023\/10\/IMG-20231001-WA0001-300x286.jpg 300w\" sizes=\"(max-width: 494px) 100vw, 494px\" \/><\/figure>\n\n\n\n<p>La coordinadora nacional de la Sectorial de Mujeres, Lupita Rodr\u00edguez Mart\u00ednez agradeci\u00f3 a Gonzalo Y\u00e1\u00f1ez la orientaci\u00f3n l\u00ednea de masas con la visi\u00f3n humanista de amor a los dem\u00e1s.<\/p>\n\n\n\n<p>\u201cPero, sin perder de vista que esta es una lucha contra el neoliberalismo, el capitalismo y el patriarcado\u201d, advirti\u00f3.<\/p>\n\n\n\n<p>Esa es la tarea de las mujeres revolucionarias del PT, dijo, ya que la izquierda no s\u00f3lo est\u00e1 del lado del coraz\u00f3n, sino de la conciencia revolucionaria.<\/p>\n","protected":false},"excerpt":{"rendered":"<p>Es tiempo de las mujeres, pero de las mujeres de izquierda, no de derecha, se\u00f1al\u00f3 Gonzalo Y\u00e1\u00f1ez, senador del Partido del Trabajo, ante cerca de mil integrantes de la Sectorial de Mujeres del PT. Al participar como ponente del tema \u201cEl Partido del Trabajo, un partido l\u00ednea de masas\u201d, lanz\u00f3 un llamado a cerrar filas [&hellip;]<\/p>\n","protected":false},"author":1,"featured_media":106863,"comment_status":"open","ping_status":"open","sticky":true,"template":"","format":"standard","meta":{"footnotes":""},"categories":[14,6],"tags":[],"_links":{"self":[{"href":"https:\/\/diariodigitalmx.com\/index.php\/wp-json\/wp\/v2\/posts\/106861"}],"collection":[{"href":"https:\/\/diariodigitalmx.com\/index.php\/wp-json\/wp\/v2\/posts"}],"about":[{"href":"https:\/\/diariodigitalmx.com\/index.php\/wp-json\/wp\/v2\/types\/post"}],"author":[{"embeddable":true,"href":"https:\/\/diariodigitalmx.com\/index.php\/wp-json\/wp\/v2\/users\/1"}],"replies":[{"embeddable":true,"href":"https:\/\/diariodigitalmx.com\/index.php\/wp-json\/wp\/v2\/comments?post=106861"}],"version-history":[{"count":3,"href":"https:\/\/diariodigitalmx.com\/index.php\/wp-json\/wp\/v2\/posts\/106861\/revisions"}],"predecessor-version":[{"id":106868,"href":"https:\/\/diariodigitalmx.com\/index.php\/wp-json\/wp\/v2\/posts\/106861\/revisions\/106868"}],"wp:featuredmedia":[{"embeddable":true,"href":"https:\/\/diariodigitalmx.com\/index.php\/wp-json\/wp\/v2\/media\/106863"}],"wp:attachment":[{"href":"https:\/\/diariodigitalmx.com\/index.php\/wp-json\/wp\/v2\/media?parent=106861"}],"wp:term":[{"taxonomy":"category","embeddable":true,"href":"https:\/\/diariodigitalmx.com\/index.php\/wp-json\/wp\/v2\/categories?post=106861"},{"taxonomy":"post_tag","embeddable":true,"href":"https:\/\/diariodigitalmx.com\/index.php\/wp-json\/wp\/v2\/tags?post=106861"}],"curies":[{"name":"wp","href":"https:\/\/api.w.org\/{rel}","templated":true}]}}