{"id":106899,"date":"2023-10-03T07:32:44","date_gmt":"2023-10-03T12:32:44","guid":{"rendered":"http:\/\/diariodigitalmx.com\/?p=106899"},"modified":"2023-10-03T07:35:07","modified_gmt":"2023-10-03T12:35:07","slug":"la-ia-y-el-ano-electoral","status":"publish","type":"post","link":"https:\/\/diariodigitalmx.com\/index.php\/2023\/10\/03\/la-ia-y-el-ano-electoral\/","title":{"rendered":"La IA y el a\u00f1o electoral"},"content":{"rendered":"\n<p><br>\u00d3scar Tamez Rodr\u00edguez<br>Inici\u00f3 el a\u00f1o electoral y terminar\u00e1 hasta agosto del 2024 cuando se diriman las controversias postelectorales. Estamos en el momento previo al gran combate, cuando los equipos dise\u00f1an sus estrategias.<br>Muchos temas caben en el t\u00edtulo de esta columna, pero veamos s\u00f3lo uno de ellos, el del uso de la Inteligencia Artificial (IA) en la contienda electoral. La pregunta, \u00bfc\u00f3mo se va a manejar la regulaci\u00f3n para la difusi\u00f3n de fakenews surgidas desde la IA y que parecer\u00e1 informaci\u00f3n real?<br>Analicemos, con la IA se pueden reproducir im\u00e1genes, videos y voces donde se atribuyan a los personajes en campa\u00f1a o sus equipos, acciones que nunca sucedieron pero que s\u00ed pueden influir en el resultado electoral.<br>Faltando poco m\u00e1s de ocho meses para el d\u00eda \u201cD\u201d electoral, la mayor\u00eda de los electores ya decidieron qu\u00e9 har\u00e1n con su voto. Es dif\u00edcil encontrar a alguien quien no sepa lo que har\u00e1 al estar frente a la urna.<br>Estando s\u00f3lo dos candidatas a este momento, la elecci\u00f3n se limita a tres posibilidades: candidata de ideolog\u00eda socialista, candidata de ideolog\u00eda liberal o anular el voto ante falta de opciones.<br>Por supuesto que falta la presencia de MC en el panorama electoral, al arribar al proceso, los votos indecisos que en este momento se ubican en no s\u00e9 o anular el voto, pueden inclinarse por esta opci\u00f3n. Tambi\u00e9n es probable que quite votos a ambas contendientes.<br>Los potenciales nombres que se comentan para MC permiten suponer que ese partido ser\u00e1 el fiel de la balanza pues puede restar votos a ambas opciones y ante la espera por una contienda cerrada, esos votos fugados pueden definir una derrota.<br>As\u00ed estar\u00eda el entorno electoral 2024, por ello la influencia de las fakenews a partir de la IA pueden influir en la fuga de votos a alguna de las opciones y con ello la derrota.<br>Veamos, no escribo sobre el triunfo de una opci\u00f3n, sino de su derrota a partir de la migraci\u00f3n electoral provocada por informaci\u00f3n falsa que afecte a tal o cual opci\u00f3n electoral.<br>Imaginemos que circula un video de Bejarano o alguno de los hermanos L\u00f3pez Obrador donde se observe que reciben sobres de dinero o billetes en ligas y que en el mismo se escuche que es para alg\u00fan candidato; creer en su veracidad no es dif\u00edcil por los antecedentes, pero si fuera elaborado en IA, su contenido ser\u00eda falso. \u00bfCu\u00e1ntos electores quitar\u00eda a las candidaturas de la 4T?, no sabemos, pero los que reste har\u00e1n falta en el conteo del 2 de junio.<br>Imaginemos un video donde la candidata oficial aparezca pactando con alg\u00fan grupo delincuencial, en el que se escuchen acuerdos metalegales. \u00bfSer\u00eda f\u00e1cil creer en su veracidad luego de los antecedentes del gobierno federal, algunos estatales y otros municipales con grupos al margen de la ley?<br>Lo mismo imagine un video en el cual aparezca la candidata opositora en acuerdos con miembros del pasado, diciendo alguna barbaridad supuestamente en la privacidad de una conversaci\u00f3n o reconociendo que su campa\u00f1a no prende. \u00bfSer\u00eda cre\u00edble? Evidentemente s\u00ed, pues son aspectos donde el pasado puede revivir.<br>Estamos a tiempo para que el INE dise\u00f1e un protocolo en el cual r\u00e1pidamente se resuelvan los temas de guerra sucia surgidos con IA y se establezca el impacto provocado a la contienda y sus resultados.<br>Junto a lo anterior, que se implementen sanciones contundentes que desmotiven la difusi\u00f3n de contenidos fakenews para que su da\u00f1o a la democracia se limite.<br>La presencia de la IA es un fen\u00f3meno no conocido ni medido, pero que estar\u00e1 presente en las contiendas por iniciar, lo terrible es que su impacto puede definir el futuro democr\u00e1tico en M\u00e9xico.<\/p>\n","protected":false},"excerpt":{"rendered":"<p>\u00d3scar Tamez Rodr\u00edguezInici\u00f3 el a\u00f1o electoral y terminar\u00e1 hasta agosto del 2024 cuando se diriman las controversias postelectorales. Estamos en el momento previo al gran combate, cuando los equipos dise\u00f1an sus estrategias.Muchos temas caben en el t\u00edtulo de esta columna, pero veamos s\u00f3lo uno de ellos, el del uso de la Inteligencia Artificial (IA) en [&hellip;]<\/p>\n","protected":false},"author":1,"featured_media":106901,"comment_status":"open","ping_status":"open","sticky":true,"template":"","format":"standard","meta":{"footnotes":""},"categories":[14,12],"tags":[],"_links":{"self":[{"href":"https:\/\/diariodigitalmx.com\/index.php\/wp-json\/wp\/v2\/posts\/106899"}],"collection":[{"href":"https:\/\/diariodigitalmx.com\/index.php\/wp-json\/wp\/v2\/posts"}],"about":[{"href":"https:\/\/diariodigitalmx.com\/index.php\/wp-json\/wp\/v2\/types\/post"}],"author":[{"embeddable":true,"href":"https:\/\/diariodigitalmx.com\/index.php\/wp-json\/wp\/v2\/users\/1"}],"replies":[{"embeddable":true,"href":"https:\/\/diariodigitalmx.com\/index.php\/wp-json\/wp\/v2\/comments?post=106899"}],"version-history":[{"count":1,"href":"https:\/\/diariodigitalmx.com\/index.php\/wp-json\/wp\/v2\/posts\/106899\/revisions"}],"predecessor-version":[{"id":106900,"href":"https:\/\/diariodigitalmx.com\/index.php\/wp-json\/wp\/v2\/posts\/106899\/revisions\/106900"}],"wp:featuredmedia":[{"embeddable":true,"href":"https:\/\/diariodigitalmx.com\/index.php\/wp-json\/wp\/v2\/media\/106901"}],"wp:attachment":[{"href":"https:\/\/diariodigitalmx.com\/index.php\/wp-json\/wp\/v2\/media?parent=106899"}],"wp:term":[{"taxonomy":"category","embeddable":true,"href":"https:\/\/diariodigitalmx.com\/index.php\/wp-json\/wp\/v2\/categories?post=106899"},{"taxonomy":"post_tag","embeddable":true,"href":"https:\/\/diariodigitalmx.com\/index.php\/wp-json\/wp\/v2\/tags?post=106899"}],"curies":[{"name":"wp","href":"https:\/\/api.w.org\/{rel}","templated":true}]}}