{"id":10690,"date":"2019-08-26T16:17:01","date_gmt":"2019-08-26T21:17:01","guid":{"rendered":"http:\/\/diariodigitalmx.com\/?p=10690"},"modified":"2019-08-26T21:15:24","modified_gmt":"2019-08-27T02:15:24","slug":"por-fin-retiran-cable-en-desuso-en-monterrey-son-kilometros-que-solo-contaminan-visualmente","status":"publish","type":"post","link":"https:\/\/diariodigitalmx.com\/index.php\/2019\/08\/26\/por-fin-retiran-cable-en-desuso-en-monterrey-son-kilometros-que-solo-contaminan-visualmente\/","title":{"rendered":"Por fin retiran cable en desuso en Monterrey; son kil\u00f3metros que s\u00f3lo contaminan visualmente"},"content":{"rendered":"\n<p>Poco m\u00e1s de 40 kil\u00f3metros de cable en desuso ha sido retirado a trav\u00e9s de un programa permanente que realiza el Municipio de Monterrey para combatir la contaminaci\u00f3n visual y mejorar la imagen urbana de la ciudad.<\/p>\n\n\n\n<p>As\u00ed lo dio a conocer este lunes, el Alcalde Adri\u00e1n de la Garza Santos, luego de supervisar un operativo sobre la Avenida Puerta del Sol, de donde hasta el momento dijo, se han quitado nueve kil\u00f3metros de cableado propiedad de las diferentes compa\u00f1\u00edas de servicios como telefon\u00eda y televisi\u00f3n.<\/p>\n\n\n\n<p>El presidente municipal prev\u00e9 que, a finales de este a\u00f1o, se logre retirar cerca de 200 kil\u00f3metros de cable en desuso.<\/p>\n\n\n\n<p>\u201cVenimos a hacer una supervisi\u00f3n sobre lo que est\u00e1 haciendo la secretar\u00eda de Servicios P\u00fablicos en coordinaci\u00f3n con todas las compa\u00f1\u00edas de cable, incluso con Tel\u00e9fonos de M\u00e9xico y la Comisi\u00f3n Federal de Electricidad, hemos hecho algunos operativos para poder retirar el exceso de cables que ya est\u00e1n en desuso que no se hab\u00edan retirado, para que haya menos contaminaci\u00f3n\u201d.<\/p>\n\n\n\n<figure class=\"wp-block-image\"><img loading=\"lazy\" decoding=\"async\" width=\"682\" height=\"1024\" src=\"http:\/\/diariodigitalmx.com\/wp-content\/uploads\/2019\/08\/RETIRO-CABLEADO-18-682x1024.jpeg\" alt=\"\" class=\"wp-image-10697\" srcset=\"https:\/\/diariodigitalmx.com\/wp-content\/uploads\/2019\/08\/RETIRO-CABLEADO-18-682x1024.jpeg 682w, https:\/\/diariodigitalmx.com\/wp-content\/uploads\/2019\/08\/RETIRO-CABLEADO-18-200x300.jpeg 200w, https:\/\/diariodigitalmx.com\/wp-content\/uploads\/2019\/08\/RETIRO-CABLEADO-18-768x1152.jpeg 768w, https:\/\/diariodigitalmx.com\/wp-content\/uploads\/2019\/08\/RETIRO-CABLEADO-18.jpeg 853w\" sizes=\"(max-width: 682px) 100vw, 682px\" \/><\/figure>\n\n\n\n<p>\u201cEs un operativo permanente que tiene algunos meses, lo vamos a redoblar, la idea es retirarlo, nada m\u00e1s de lo que se ha retirado aqu\u00ed, significa una cuarta parte, se han retirado 40 kil\u00f3metros y aqu\u00ed se han retirado poco m\u00e1s de 10 kil\u00f3metros es una de las \u00e1reas importantes que se est\u00e1 llevando a cabo aqu\u00ed en San Jer\u00f3nimo\u201d, agreg\u00f3.<\/p>\n\n\n\n<p>Dio a conocer que el Gobierno de Monterrey ha realizado reuniones con representantes de las diferentes compa\u00f1\u00edas, en las que acordaron trabajar de manera conjunta para el retiro del cableado de la v\u00eda p\u00fablica y que ya no es \u00fatil.&nbsp;<\/p>\n\n\n\n<p>La secretar\u00eda de Servicios P\u00fablicos ha llevado a cabo operativos similares en diferentes puntos de Monterrey como en las Colonias Primavera, Valle de la Primavera, Florida, Narvarte, en Mitras Centro, Del Paseo, Colinas de San Jer\u00f3nimo y San Jer\u00f3nimo 4 sector, as\u00ed como en la Zona Tec, entre otros.<br><\/p>\n","protected":false},"excerpt":{"rendered":"<p>Poco m\u00e1s de 40 kil\u00f3metros de cable en desuso ha sido retirado a trav\u00e9s de un programa permanente que realiza el Municipio de Monterrey para combatir la contaminaci\u00f3n visual y mejorar la imagen urbana de la ciudad. As\u00ed lo dio a conocer este lunes, el Alcalde Adri\u00e1n de la Garza Santos, luego de supervisar un [&hellip;]<\/p>\n","protected":false},"author":1,"featured_media":10694,"comment_status":"open","ping_status":"open","sticky":true,"template":"","format":"standard","meta":{"footnotes":""},"categories":[1],"tags":[],"_links":{"self":[{"href":"https:\/\/diariodigitalmx.com\/index.php\/wp-json\/wp\/v2\/posts\/10690"}],"collection":[{"href":"https:\/\/diariodigitalmx.com\/index.php\/wp-json\/wp\/v2\/posts"}],"about":[{"href":"https:\/\/diariodigitalmx.com\/index.php\/wp-json\/wp\/v2\/types\/post"}],"author":[{"embeddable":true,"href":"https:\/\/diariodigitalmx.com\/index.php\/wp-json\/wp\/v2\/users\/1"}],"replies":[{"embeddable":true,"href":"https:\/\/diariodigitalmx.com\/index.php\/wp-json\/wp\/v2\/comments?post=10690"}],"version-history":[{"count":3,"href":"https:\/\/diariodigitalmx.com\/index.php\/wp-json\/wp\/v2\/posts\/10690\/revisions"}],"predecessor-version":[{"id":10698,"href":"https:\/\/diariodigitalmx.com\/index.php\/wp-json\/wp\/v2\/posts\/10690\/revisions\/10698"}],"wp:featuredmedia":[{"embeddable":true,"href":"https:\/\/diariodigitalmx.com\/index.php\/wp-json\/wp\/v2\/media\/10694"}],"wp:attachment":[{"href":"https:\/\/diariodigitalmx.com\/index.php\/wp-json\/wp\/v2\/media?parent=10690"}],"wp:term":[{"taxonomy":"category","embeddable":true,"href":"https:\/\/diariodigitalmx.com\/index.php\/wp-json\/wp\/v2\/categories?post=10690"},{"taxonomy":"post_tag","embeddable":true,"href":"https:\/\/diariodigitalmx.com\/index.php\/wp-json\/wp\/v2\/tags?post=10690"}],"curies":[{"name":"wp","href":"https:\/\/api.w.org\/{rel}","templated":true}]}}