{"id":106914,"date":"2023-10-03T13:37:15","date_gmt":"2023-10-03T18:37:15","guid":{"rendered":"http:\/\/diariodigitalmx.com\/?p=106914"},"modified":"2023-10-03T13:45:50","modified_gmt":"2023-10-03T18:45:50","slug":"va-ricardo-canavati-contra-discriminacion-en-acceso-a-la-vivienda","status":"publish","type":"post","link":"https:\/\/diariodigitalmx.com\/index.php\/2023\/10\/03\/va-ricardo-canavati-contra-discriminacion-en-acceso-a-la-vivienda\/","title":{"rendered":"Va Ricardo Canavati contra discriminaci\u00f3n en acceso a la vivienda"},"content":{"rendered":"\n<figure class=\"wp-block-video\"><video controls src=\"http:\/\/diariodigitalmx.com\/wp-content\/uploads\/2023\/10\/VID-20231003-WA0057.mp4\"><\/video><\/figure>\n\n\n\n<p>Monterrey. &#8211; El Diputado local del PRI, Ricardo Canavati Hadj\u00f3pulos promovi\u00f3 iniciativa de reforma a la Ley para Prevenir y Eliminar la Discriminaci\u00f3n, as\u00ed como al C\u00f3digo Civil del Estado para evitar que la poblaci\u00f3n sea discriminada cuando desee acceder a una vivienda ya sea propia o rentada.<\/p>\n\n\n\n<p>El tambi\u00e9n vicepresidente del Congreso del Estado resalt\u00f3 que, al salir de casa, vivir en pareja o simplemente dar el paso hacia la independencia se puede convertir en una mala experiencia puesto que las personas tienen que reunir una serie de requisitos.<\/p>\n\n\n\n<p>Ya que muchos propietarios e inmobiliarias rechazan al posible inquilino por el mero hecho de tener un origen \u00e9tnico, nacional, raza, lengua, sexo, g\u00e9nero, edad, discapacidad, identidad ind\u00edgena, identidad de g\u00e9nero, apariencia f\u00edsica, condiciones de salud, religi\u00f3n, formas de pensar, orientaci\u00f3n o preferencia sexual.<\/p>\n\n\n\n<figure class=\"wp-block-image size-full\"><img loading=\"lazy\" decoding=\"async\" width=\"720\" height=\"471\" src=\"http:\/\/diariodigitalmx.com\/wp-content\/uploads\/2023\/10\/42546165752_a7a5f933bc_k-3249293832-720x471-1.jpg\" alt=\"\" class=\"wp-image-106917\" srcset=\"https:\/\/diariodigitalmx.com\/wp-content\/uploads\/2023\/10\/42546165752_a7a5f933bc_k-3249293832-720x471-1.jpg 720w, https:\/\/diariodigitalmx.com\/wp-content\/uploads\/2023\/10\/42546165752_a7a5f933bc_k-3249293832-720x471-1-300x196.jpg 300w\" sizes=\"(max-width: 720px) 100vw, 720px\" \/><\/figure>\n\n\n\n<p>\u201cEs importante resaltar y eliminar todos los requisitos que resulten discriminatorios y que no garanticen acceso equitativo de condiciones para que las personas puedan adquirir o rentar un inmueble. La idea es que est\u00e9 establecido en la Ley que no puedan haber t\u00e9rminos que resulten discriminatorios, ya que, el derecho a la vivienda est\u00e1 establecido en la Constituci\u00f3n pero en algunos casos por requisitos que solicitan en el contrato de arrendamiento resulta discriminatorio para algunas personas y la idea es evitar eso\u201d, manifest\u00f3 el legislador del PRI.<\/p>\n\n\n\n<p>\u201cEs indignante que las y los arrendatarios que buscan adquirir un inmueble no puedan gozar de este bien debido a que el arrendador los condicione, por lo que lamentablemente no est\u00e1 dicho en la ley en donde se proh\u00edba todas estas acciones a la hora de un arrendamiento\u201d, agreg\u00f3.<\/p>\n\n\n\n<p>La iniciativa de reforma busca modificar el art\u00edculo 7, fracci\u00f3n XLI de la Ley para Prevenir y Eliminar la Discriminaci\u00f3n y adicionar un art\u00edculo 2372 Bis I del C\u00f3digo Civil.<\/p>\n\n\n\n<p>Nuevo Le\u00f3n, se ha colocado dentro de los primeros lugares a nivel nacional en \u00edndices de discriminaci\u00f3n de acuerdo con una encuesta publicada por el INEGI en el 2021, el estado se posiciono en el tercer lugar de discriminaci\u00f3n.<\/p>\n","protected":false},"excerpt":{"rendered":"<p>Monterrey. &#8211; El Diputado local del PRI, Ricardo Canavati Hadj\u00f3pulos promovi\u00f3 iniciativa de reforma a la Ley para Prevenir y Eliminar la Discriminaci\u00f3n, as\u00ed como al C\u00f3digo Civil del Estado para evitar que la poblaci\u00f3n sea discriminada cuando desee acceder a una vivienda ya sea propia o rentada. El tambi\u00e9n vicepresidente del Congreso del Estado [&hellip;]<\/p>\n","protected":false},"author":1,"featured_media":106916,"comment_status":"open","ping_status":"open","sticky":true,"template":"","format":"standard","meta":{"footnotes":""},"categories":[6,3],"tags":[],"_links":{"self":[{"href":"https:\/\/diariodigitalmx.com\/index.php\/wp-json\/wp\/v2\/posts\/106914"}],"collection":[{"href":"https:\/\/diariodigitalmx.com\/index.php\/wp-json\/wp\/v2\/posts"}],"about":[{"href":"https:\/\/diariodigitalmx.com\/index.php\/wp-json\/wp\/v2\/types\/post"}],"author":[{"embeddable":true,"href":"https:\/\/diariodigitalmx.com\/index.php\/wp-json\/wp\/v2\/users\/1"}],"replies":[{"embeddable":true,"href":"https:\/\/diariodigitalmx.com\/index.php\/wp-json\/wp\/v2\/comments?post=106914"}],"version-history":[{"count":3,"href":"https:\/\/diariodigitalmx.com\/index.php\/wp-json\/wp\/v2\/posts\/106914\/revisions"}],"predecessor-version":[{"id":106921,"href":"https:\/\/diariodigitalmx.com\/index.php\/wp-json\/wp\/v2\/posts\/106914\/revisions\/106921"}],"wp:featuredmedia":[{"embeddable":true,"href":"https:\/\/diariodigitalmx.com\/index.php\/wp-json\/wp\/v2\/media\/106916"}],"wp:attachment":[{"href":"https:\/\/diariodigitalmx.com\/index.php\/wp-json\/wp\/v2\/media?parent=106914"}],"wp:term":[{"taxonomy":"category","embeddable":true,"href":"https:\/\/diariodigitalmx.com\/index.php\/wp-json\/wp\/v2\/categories?post=106914"},{"taxonomy":"post_tag","embeddable":true,"href":"https:\/\/diariodigitalmx.com\/index.php\/wp-json\/wp\/v2\/tags?post=106914"}],"curies":[{"name":"wp","href":"https:\/\/api.w.org\/{rel}","templated":true}]}}