{"id":106922,"date":"2023-10-03T14:08:58","date_gmt":"2023-10-03T19:08:58","guid":{"rendered":"http:\/\/diariodigitalmx.com\/?p=106922"},"modified":"2023-10-03T14:09:41","modified_gmt":"2023-10-03T19:09:41","slug":"celebra-waldo-fernandez-coordinacion-de-seguridad-federacion-y-estado","status":"publish","type":"post","link":"https:\/\/diariodigitalmx.com\/index.php\/2023\/10\/03\/celebra-waldo-fernandez-coordinacion-de-seguridad-federacion-y-estado\/","title":{"rendered":"Celebra Waldo Fern\u00e1ndez coordinaci\u00f3n  de seguridad Federaci\u00f3n y Estado"},"content":{"rendered":"\n<p><br>El diputado local de Morena, Waldo Fern\u00e1ndez, celebr\u00f3 el traslado exitoso de 199 internos de Centros de Reinserci\u00f3n Social Estatales a Penales Federales, pues asegur\u00f3 que esto es muestra de la coordinaci\u00f3n que existe en materia de seguridad entre la Federaci\u00f3n y el Gobierno del Estado.<br>\u201cHoy celebro el trabajo coordinado del trabajo del Gobierno del Estado, de la Federaci\u00f3n, la Secretar\u00eda de la Defensa Nacional, la Secretar\u00eda de Seguridad P\u00fablica del Estado y de los elementos de la Guardia Nacional que el d\u00eda de ayer nos informaron que trasladaron 119 internos de alta peligrosidad a otros centros de reinserci\u00f3n social del pa\u00eds\u201d dijo Fern\u00e1ndez.<br>Agreg\u00f3 que \u201cesto ayuda a despresurizar los penales de Nuevo Le\u00f3n, pero sobre todo, ayuda a mandar un mensaje claro y contundente de que el Estado Mexicano, ll\u00e1mese el estado de Nuevo Le\u00f3n o las autoridades de Seguridad P\u00fablica, est\u00e1n enfrentando la ola de inseguridad que vive Nuevo Le\u00f3n.<br>El legislador dijo que as\u00ed como es cr\u00edtico con el Gobierno Estatal cuando no ve resultados, reconoce cuando s\u00ed los hay.<br>\u201cLa seguridad se resuelve con coordinaci\u00f3n e inteligencia y el d\u00eda de hoy, est\u00e1 sucediendo eso\u201d concluy\u00f3.<\/p>\n","protected":false},"excerpt":{"rendered":"<p>El diputado local de Morena, Waldo Fern\u00e1ndez, celebr\u00f3 el traslado exitoso de 199 internos de Centros de Reinserci\u00f3n Social Estatales a Penales Federales, pues asegur\u00f3 que esto es muestra de la coordinaci\u00f3n que existe en materia de seguridad entre la Federaci\u00f3n y el Gobierno del Estado.\u201cHoy celebro el trabajo coordinado del trabajo del Gobierno del [&hellip;]<\/p>\n","protected":false},"author":1,"featured_media":106924,"comment_status":"open","ping_status":"open","sticky":true,"template":"","format":"standard","meta":{"footnotes":""},"categories":[14,6],"tags":[],"_links":{"self":[{"href":"https:\/\/diariodigitalmx.com\/index.php\/wp-json\/wp\/v2\/posts\/106922"}],"collection":[{"href":"https:\/\/diariodigitalmx.com\/index.php\/wp-json\/wp\/v2\/posts"}],"about":[{"href":"https:\/\/diariodigitalmx.com\/index.php\/wp-json\/wp\/v2\/types\/post"}],"author":[{"embeddable":true,"href":"https:\/\/diariodigitalmx.com\/index.php\/wp-json\/wp\/v2\/users\/1"}],"replies":[{"embeddable":true,"href":"https:\/\/diariodigitalmx.com\/index.php\/wp-json\/wp\/v2\/comments?post=106922"}],"version-history":[{"count":1,"href":"https:\/\/diariodigitalmx.com\/index.php\/wp-json\/wp\/v2\/posts\/106922\/revisions"}],"predecessor-version":[{"id":106923,"href":"https:\/\/diariodigitalmx.com\/index.php\/wp-json\/wp\/v2\/posts\/106922\/revisions\/106923"}],"wp:featuredmedia":[{"embeddable":true,"href":"https:\/\/diariodigitalmx.com\/index.php\/wp-json\/wp\/v2\/media\/106924"}],"wp:attachment":[{"href":"https:\/\/diariodigitalmx.com\/index.php\/wp-json\/wp\/v2\/media?parent=106922"}],"wp:term":[{"taxonomy":"category","embeddable":true,"href":"https:\/\/diariodigitalmx.com\/index.php\/wp-json\/wp\/v2\/categories?post=106922"},{"taxonomy":"post_tag","embeddable":true,"href":"https:\/\/diariodigitalmx.com\/index.php\/wp-json\/wp\/v2\/tags?post=106922"}],"curies":[{"name":"wp","href":"https:\/\/api.w.org\/{rel}","templated":true}]}}