{"id":106934,"date":"2023-10-03T16:17:23","date_gmt":"2023-10-03T21:17:23","guid":{"rendered":"http:\/\/diariodigitalmx.com\/?p=106934"},"modified":"2023-10-03T16:19:12","modified_gmt":"2023-10-03T21:19:12","slug":"llega-festival-santa-lucia-a-los-centros-comunitarios","status":"publish","type":"post","link":"https:\/\/diariodigitalmx.com\/index.php\/2023\/10\/03\/llega-festival-santa-lucia-a-los-centros-comunitarios\/","title":{"rendered":"Llega Festival Santa Luc\u00eda a los Centros Comunitarios"},"content":{"rendered":"\n<p>ZUAZUA, NL.- El teatro gestual, la danza y la m\u00fasica del espect\u00e1culo espa\u00f1ol \u201cSue\u00f1a\u201d, cautivaron a decenas de personas que acudieron al Centro Comunitario ubicado en Zuazua.<\/p>\n\n\n\n<p>La obra de la artista multidisciplinar Mireia Miracle, forma parte de la agenda cultural del Festival Santa Luc\u00eda que en su 16\u00aa edici\u00f3n llegar\u00e1 a 10 Centros Comunitarios de la Secretar\u00eda de Igualdad e Inclusi\u00f3n que encabeza Martha Herrera, presentaciones que se realizar\u00e1n de forma gratuita y para todas las personas.<\/p>\n\n\n\n<figure class=\"wp-block-gallery has-nested-images columns-default is-cropped wp-block-gallery-1 is-layout-flex wp-block-gallery-is-layout-flex\">\n<figure class=\"wp-block-image size-large\"><img loading=\"lazy\" decoding=\"async\" width=\"1024\" height=\"684\" data-id=\"106937\" src=\"http:\/\/diariodigitalmx.com\/wp-content\/uploads\/2023\/10\/2-1024x684.jpeg\" alt=\"\" class=\"wp-image-106937\" srcset=\"https:\/\/diariodigitalmx.com\/wp-content\/uploads\/2023\/10\/2-1024x684.jpeg 1024w, https:\/\/diariodigitalmx.com\/wp-content\/uploads\/2023\/10\/2-300x200.jpeg 300w, https:\/\/diariodigitalmx.com\/wp-content\/uploads\/2023\/10\/2-768x513.jpeg 768w, https:\/\/diariodigitalmx.com\/wp-content\/uploads\/2023\/10\/2.jpeg 1280w\" sizes=\"(max-width: 1024px) 100vw, 1024px\" \/><\/figure>\n\n\n\n<figure class=\"wp-block-image size-large\"><img loading=\"lazy\" decoding=\"async\" width=\"1280\" height=\"855\" data-id=\"106938\" src=\"http:\/\/diariodigitalmx.com\/wp-content\/uploads\/2023\/10\/4-1024x684.jpeg\" alt=\"\" class=\"wp-image-106938\" srcset=\"https:\/\/diariodigitalmx.com\/wp-content\/uploads\/2023\/10\/4-1024x684.jpeg 1024w, https:\/\/diariodigitalmx.com\/wp-content\/uploads\/2023\/10\/4-300x200.jpeg 300w, https:\/\/diariodigitalmx.com\/wp-content\/uploads\/2023\/10\/4-768x513.jpeg 768w, https:\/\/diariodigitalmx.com\/wp-content\/uploads\/2023\/10\/4.jpeg 1280w\" sizes=\"(max-width: 1280px) 100vw, 1280px\" \/><\/figure>\n\n\n\n<figure class=\"wp-block-image size-large\"><img loading=\"lazy\" decoding=\"async\" width=\"1024\" height=\"684\" data-id=\"106939\" src=\"http:\/\/diariodigitalmx.com\/wp-content\/uploads\/2023\/10\/5-1024x684.jpeg\" alt=\"\" class=\"wp-image-106939\" srcset=\"https:\/\/diariodigitalmx.com\/wp-content\/uploads\/2023\/10\/5-1024x684.jpeg 1024w, https:\/\/diariodigitalmx.com\/wp-content\/uploads\/2023\/10\/5-300x200.jpeg 300w, https:\/\/diariodigitalmx.com\/wp-content\/uploads\/2023\/10\/5-768x513.jpeg 768w, https:\/\/diariodigitalmx.com\/wp-content\/uploads\/2023\/10\/5.jpeg 1280w\" sizes=\"(max-width: 1024px) 100vw, 1024px\" \/><\/figure>\n<\/figure>\n\n\n\n<p>El s\u00e1bado 4 de octubre el Festival de Pantomima Mimo Michelle. Hacer visible lo invisible se presentar\u00e1 en el Centro Comunitario Santa Fe, en Apodaca, a las 07:00 pm.<\/p>\n\n\n\n<p>La compa\u00f1\u00eda Circonciente de M\u00e9xico llegar\u00e1 con su espect\u00e1culo \u201cDelirio Culinario\u201d al Centro Comunitario Valle Soleado, en Guadalupe. Una divertida comedia que mezcla teatro, circo y cocina, a las 07:00 pm.<\/p>\n\n\n\n<figure class=\"wp-block-image size-large\"><img loading=\"lazy\" decoding=\"async\" width=\"1024\" height=\"684\" src=\"http:\/\/diariodigitalmx.com\/wp-content\/uploads\/2023\/10\/7-1024x684.jpeg\" alt=\"\" class=\"wp-image-106942\" srcset=\"https:\/\/diariodigitalmx.com\/wp-content\/uploads\/2023\/10\/7-1024x684.jpeg 1024w, https:\/\/diariodigitalmx.com\/wp-content\/uploads\/2023\/10\/7-300x200.jpeg 300w, https:\/\/diariodigitalmx.com\/wp-content\/uploads\/2023\/10\/7-768x513.jpeg 768w, https:\/\/diariodigitalmx.com\/wp-content\/uploads\/2023\/10\/7.jpeg 1280w\" sizes=\"(max-width: 1024px) 100vw, 1024px\" \/><\/figure>\n\n\n\n<p>Purulia Chhau, una de las formas de arte folcl\u00f3rico m\u00e1s espectaculares de la India, con coreograf\u00edas extra\u00eddas de movimientos de danza folcl\u00f3rica y cl\u00e1sica y artes marciales cautivar\u00e1 este pr\u00f3ximo 10 de octubre a las familias que acudan al Centro Comunitario Monte Kristal, en Ju\u00e1rez a las 04:00 pm y el s\u00e1bado 14 de octubre estar\u00e1 en el Centro Comunitario La Alianza, en Monterrey a las 07:00 pm.<\/p>\n\n\n\n<figure class=\"wp-block-gallery has-nested-images columns-default is-cropped wp-block-gallery-2 is-layout-flex wp-block-gallery-is-layout-flex\">\n<figure class=\"wp-block-image size-large\"><img loading=\"lazy\" decoding=\"async\" width=\"1024\" height=\"684\" data-id=\"106944\" src=\"http:\/\/diariodigitalmx.com\/wp-content\/uploads\/2023\/10\/3-1024x684.jpeg\" alt=\"\" class=\"wp-image-106944\" srcset=\"https:\/\/diariodigitalmx.com\/wp-content\/uploads\/2023\/10\/3-1024x684.jpeg 1024w, https:\/\/diariodigitalmx.com\/wp-content\/uploads\/2023\/10\/3-300x200.jpeg 300w, https:\/\/diariodigitalmx.com\/wp-content\/uploads\/2023\/10\/3-768x513.jpeg 768w, https:\/\/diariodigitalmx.com\/wp-content\/uploads\/2023\/10\/3.jpeg 1280w\" sizes=\"(max-width: 1024px) 100vw, 1024px\" \/><\/figure>\n\n\n\n<figure class=\"wp-block-image size-large\"><img loading=\"lazy\" decoding=\"async\" width=\"1024\" height=\"684\" data-id=\"106945\" src=\"http:\/\/diariodigitalmx.com\/wp-content\/uploads\/2023\/10\/1-1024x684.jpeg\" alt=\"\" class=\"wp-image-106945\" srcset=\"https:\/\/diariodigitalmx.com\/wp-content\/uploads\/2023\/10\/1-1024x684.jpeg 1024w, https:\/\/diariodigitalmx.com\/wp-content\/uploads\/2023\/10\/1-300x200.jpeg 300w, https:\/\/diariodigitalmx.com\/wp-content\/uploads\/2023\/10\/1-768x513.jpeg 768w, https:\/\/diariodigitalmx.com\/wp-content\/uploads\/2023\/10\/1.jpeg 1280w\" sizes=\"(max-width: 1024px) 100vw, 1024px\" \/><\/figure>\n<\/figure>\n\n\n\n<p>Mientras que Brincadeira Perculights, espect\u00e1culo espa\u00f1ol itinerante que recorre las calles mientras su movimiento, el ritmo y la fuerza del tambor, logran fusionar la m\u00fasica y los ritmos de una batucada con las nuevas tecnolog\u00edas de luz y color, se presentar\u00e1 el 10 de octubre en el Centro Comunitario San Bernab\u00e9 y el 13 de octubre en Centro Comunitario San Gilberto, en Santa Catarina, a las 08:00 pm.<\/p>\n\n\n\n<p>El 12 de octubre a las 07:00 pm al Centro Comunitario Allende llegar\u00e1 el Grupo Folkl\u00f3rico Surco de Salamanca con el espect\u00e1culo \u201cSemblanza Charra\u201d.<\/p>\n\n\n\n<p>Drum Dance Afritanos se presentar\u00e1 el 15 de octubre en el Centro Comunitario Tierra Propia, a las 7:00 pm y el 18 de octubre, Bandakadabra Music Delivery, una poderosa banda de calle, ganadora del primer lugar en el Festival \u201cCirque et Fanfares\u201d, estar\u00e1 en el Centro Comunitario San Bernab\u00e9 a las 07:00 pm.<\/p>\n\n\n\n<p>Las personas interesadas en acudir podr\u00e1n comunicarse al tel\u00e9fono 81-2020-2070, consultar la cartelera en redes sociales @centrocomunitariosnl o en la p\u00e1gina del Festival Santa Luc\u00eda: https:\/\/festivalsantalucia.gob.mx\/<\/p>\n\n\n\n<p><\/p>\n","protected":false},"excerpt":{"rendered":"<p>ZUAZUA, NL.- El teatro gestual, la danza y la m\u00fasica del espect\u00e1culo espa\u00f1ol \u201cSue\u00f1a\u201d, cautivaron a decenas de personas que acudieron al Centro Comunitario ubicado en Zuazua. La obra de la artista multidisciplinar Mireia Miracle, forma parte de la agenda cultural del Festival Santa Luc\u00eda que en su 16\u00aa edici\u00f3n llegar\u00e1 a 10 Centros Comunitarios [&hellip;]<\/p>\n","protected":false},"author":1,"featured_media":106936,"comment_status":"open","ping_status":"open","sticky":true,"template":"","format":"standard","meta":{"footnotes":""},"categories":[11,14],"tags":[],"_links":{"self":[{"href":"https:\/\/diariodigitalmx.com\/index.php\/wp-json\/wp\/v2\/posts\/106934"}],"collection":[{"href":"https:\/\/diariodigitalmx.com\/index.php\/wp-json\/wp\/v2\/posts"}],"about":[{"href":"https:\/\/diariodigitalmx.com\/index.php\/wp-json\/wp\/v2\/types\/post"}],"author":[{"embeddable":true,"href":"https:\/\/diariodigitalmx.com\/index.php\/wp-json\/wp\/v2\/users\/1"}],"replies":[{"embeddable":true,"href":"https:\/\/diariodigitalmx.com\/index.php\/wp-json\/wp\/v2\/comments?post=106934"}],"version-history":[{"count":4,"href":"https:\/\/diariodigitalmx.com\/index.php\/wp-json\/wp\/v2\/posts\/106934\/revisions"}],"predecessor-version":[{"id":106946,"href":"https:\/\/diariodigitalmx.com\/index.php\/wp-json\/wp\/v2\/posts\/106934\/revisions\/106946"}],"wp:featuredmedia":[{"embeddable":true,"href":"https:\/\/diariodigitalmx.com\/index.php\/wp-json\/wp\/v2\/media\/106936"}],"wp:attachment":[{"href":"https:\/\/diariodigitalmx.com\/index.php\/wp-json\/wp\/v2\/media?parent=106934"}],"wp:term":[{"taxonomy":"category","embeddable":true,"href":"https:\/\/diariodigitalmx.com\/index.php\/wp-json\/wp\/v2\/categories?post=106934"},{"taxonomy":"post_tag","embeddable":true,"href":"https:\/\/diariodigitalmx.com\/index.php\/wp-json\/wp\/v2\/tags?post=106934"}],"curies":[{"name":"wp","href":"https:\/\/api.w.org\/{rel}","templated":true}]}}