{"id":106947,"date":"2023-10-03T16:47:49","date_gmt":"2023-10-03T21:47:49","guid":{"rendered":"http:\/\/diariodigitalmx.com\/?p=106947"},"modified":"2023-10-03T17:00:25","modified_gmt":"2023-10-03T22:00:25","slug":"llevan-ayuda-humanitaria-y-de-salud-a-migrantes","status":"publish","type":"post","link":"https:\/\/diariodigitalmx.com\/index.php\/2023\/10\/03\/llevan-ayuda-humanitaria-y-de-salud-a-migrantes\/","title":{"rendered":"Llevan ayuda humanitaria y de salud a migrantes"},"content":{"rendered":"\n<p>Monterrey . &#8211; Contin\u00faan aqui las jornadas de atenci\u00f3n para las personas migrantes que se encuentran en la Central de Autobuses, en espera de viajar a la frontera estadounidense.<\/p>\n\n\n\n<figure class=\"wp-block-image size-large\"><img loading=\"lazy\" decoding=\"async\" width=\"1024\" height=\"683\" src=\"http:\/\/diariodigitalmx.com\/wp-content\/uploads\/2023\/10\/13-1024x683.jpg\" alt=\"\" class=\"wp-image-106951\" srcset=\"https:\/\/diariodigitalmx.com\/wp-content\/uploads\/2023\/10\/13-1024x683.jpg 1024w, https:\/\/diariodigitalmx.com\/wp-content\/uploads\/2023\/10\/13-300x200.jpg 300w, https:\/\/diariodigitalmx.com\/wp-content\/uploads\/2023\/10\/13-768x512.jpg 768w, https:\/\/diariodigitalmx.com\/wp-content\/uploads\/2023\/10\/13-1536x1024.jpg 1536w, https:\/\/diariodigitalmx.com\/wp-content\/uploads\/2023\/10\/13-2048x1365.jpg 2048w\" sizes=\"(max-width: 1024px) 100vw, 1024px\" \/><\/figure>\n\n\n\n<p>Ahora, se acerc\u00f3 los servicios de salud con unidades m\u00f3viles de la Nueva Ruta que brindaron limpieza y revisi\u00f3n dental, aplicaciones de fl\u00faor, ex\u00e1menes de la vista con entrega de lentes y de audiometr\u00edas con aparatos auditivos, sin costo, entre otros servicios.<\/p>\n\n\n\n<p>\u201cHemos logrado atender a m\u00e1s de 2 mil personas solamente aqu\u00ed en la Central de Autobuses\u201d, explic\u00f3 Gabriela Zamora, Directora para la No Discriminaci\u00f3n e Igualdad, de la Secretar\u00eda de Igualdad e Inclusi\u00f3n.<\/p>\n\n\n\n<figure class=\"wp-block-image size-large\"><img loading=\"lazy\" decoding=\"async\" width=\"1024\" height=\"683\" src=\"http:\/\/diariodigitalmx.com\/wp-content\/uploads\/2023\/10\/IMG_0158-1024x683.jpg\" alt=\"\" class=\"wp-image-106952\" srcset=\"https:\/\/diariodigitalmx.com\/wp-content\/uploads\/2023\/10\/IMG_0158-1024x683.jpg 1024w, https:\/\/diariodigitalmx.com\/wp-content\/uploads\/2023\/10\/IMG_0158-300x200.jpg 300w, https:\/\/diariodigitalmx.com\/wp-content\/uploads\/2023\/10\/IMG_0158-768x512.jpg 768w, https:\/\/diariodigitalmx.com\/wp-content\/uploads\/2023\/10\/IMG_0158-1536x1024.jpg 1536w, https:\/\/diariodigitalmx.com\/wp-content\/uploads\/2023\/10\/IMG_0158-2048x1365.jpg 2048w\" sizes=\"(max-width: 1024px) 100vw, 1024px\" \/><\/figure>\n\n\n\n<p>\u201cDesde el DIF se han entregado alimentos, art\u00edculos de higiene y pa\u00f1ales para los ni\u00f1os; desde la Comisi\u00f3n Estatal de Derechos Humanos se ha estado brindando informaci\u00f3n sobre los derechos de las personas; desde la Secretar\u00eda de Igualdad e Inclusi\u00f3n brindamos atenci\u00f3n m\u00e9dica y apoyo dental, adicionalmente entregando alimentos y colchonetas, pero muy especialmente la informaci\u00f3n oficial sobre los procesos de tr\u00e1nsito por M\u00e9xico\u201d, detall\u00f3 la funcionaria.<\/p>\n\n\n\n<figure class=\"wp-block-image size-large\"><img loading=\"lazy\" decoding=\"async\" width=\"1024\" height=\"576\" src=\"http:\/\/diariodigitalmx.com\/wp-content\/uploads\/2023\/10\/11-1024x576.png\" alt=\"\" class=\"wp-image-106954\" srcset=\"https:\/\/diariodigitalmx.com\/wp-content\/uploads\/2023\/10\/11-1024x576.png 1024w, https:\/\/diariodigitalmx.com\/wp-content\/uploads\/2023\/10\/11-300x169.png 300w, https:\/\/diariodigitalmx.com\/wp-content\/uploads\/2023\/10\/11-768x432.png 768w, https:\/\/diariodigitalmx.com\/wp-content\/uploads\/2023\/10\/11-1536x864.png 1536w, https:\/\/diariodigitalmx.com\/wp-content\/uploads\/2023\/10\/11-2048x1152.png 2048w\" sizes=\"(max-width: 1024px) 100vw, 1024px\" \/><\/figure>\n\n\n\n<p>Durante la jornada, que logr\u00f3 atender a m\u00e1s de 300 personas migrantes se brindaron m\u00e1s de mil servicios, tambi\u00e9n se ofreci\u00f3 orientaci\u00f3n sobre los servicios que se brindan en el Espacio de Igualdad e Inclusi\u00f3n para Personas Migrantes, Refugiadas, Desplazadas y Retornadas de la Secretar\u00eda de Igualdad e Inclusi\u00f3n, ubicado en el Centro Comunitario Sierra Ventana.<\/p>\n\n\n\n<figure class=\"wp-block-gallery has-nested-images columns-default is-cropped wp-block-gallery-1 is-layout-flex wp-block-gallery-is-layout-flex\">\n<figure class=\"wp-block-image size-large\"><img loading=\"lazy\" decoding=\"async\" width=\"1024\" height=\"683\" data-id=\"106957\" src=\"http:\/\/diariodigitalmx.com\/wp-content\/uploads\/2023\/10\/IMG_0091-1024x683.jpg\" alt=\"\" class=\"wp-image-106957\" srcset=\"https:\/\/diariodigitalmx.com\/wp-content\/uploads\/2023\/10\/IMG_0091-1024x683.jpg 1024w, https:\/\/diariodigitalmx.com\/wp-content\/uploads\/2023\/10\/IMG_0091-300x200.jpg 300w, https:\/\/diariodigitalmx.com\/wp-content\/uploads\/2023\/10\/IMG_0091-768x512.jpg 768w, https:\/\/diariodigitalmx.com\/wp-content\/uploads\/2023\/10\/IMG_0091-1536x1024.jpg 1536w, https:\/\/diariodigitalmx.com\/wp-content\/uploads\/2023\/10\/IMG_0091-2048x1365.jpg 2048w\" sizes=\"(max-width: 1024px) 100vw, 1024px\" \/><\/figure>\n<\/figure>\n\n\n\n<figure class=\"wp-block-gallery has-nested-images columns-default is-cropped wp-block-gallery-2 is-layout-flex wp-block-gallery-is-layout-flex\">\n<figure class=\"wp-block-image size-large\"><img loading=\"lazy\" decoding=\"async\" width=\"720\" height=\"395\" data-id=\"106964\" src=\"http:\/\/diariodigitalmx.com\/wp-content\/uploads\/2023\/10\/Screenshot_20231003-155655_Gallery.jpg\" alt=\"\" class=\"wp-image-106964\" srcset=\"https:\/\/diariodigitalmx.com\/wp-content\/uploads\/2023\/10\/Screenshot_20231003-155655_Gallery.jpg 720w, https:\/\/diariodigitalmx.com\/wp-content\/uploads\/2023\/10\/Screenshot_20231003-155655_Gallery-300x165.jpg 300w\" sizes=\"(max-width: 720px) 100vw, 720px\" \/><\/figure>\n\n\n\n<figure class=\"wp-block-image size-large\"><img loading=\"lazy\" decoding=\"async\" width=\"720\" height=\"395\" data-id=\"106965\" src=\"http:\/\/diariodigitalmx.com\/wp-content\/uploads\/2023\/10\/Screenshot_20231003-155712_Gallery.jpg\" alt=\"\" class=\"wp-image-106965\" srcset=\"https:\/\/diariodigitalmx.com\/wp-content\/uploads\/2023\/10\/Screenshot_20231003-155712_Gallery.jpg 720w, https:\/\/diariodigitalmx.com\/wp-content\/uploads\/2023\/10\/Screenshot_20231003-155712_Gallery-300x165.jpg 300w\" sizes=\"(max-width: 720px) 100vw, 720px\" \/><\/figure>\n\n\n\n<figure class=\"wp-block-image size-large\"><img loading=\"lazy\" decoding=\"async\" width=\"720\" height=\"408\" data-id=\"106966\" src=\"http:\/\/diariodigitalmx.com\/wp-content\/uploads\/2023\/10\/Screenshot_20231003-155729_Gallery.jpg\" alt=\"\" class=\"wp-image-106966\" srcset=\"https:\/\/diariodigitalmx.com\/wp-content\/uploads\/2023\/10\/Screenshot_20231003-155729_Gallery.jpg 720w, https:\/\/diariodigitalmx.com\/wp-content\/uploads\/2023\/10\/Screenshot_20231003-155729_Gallery-300x170.jpg 300w\" sizes=\"(max-width: 720px) 100vw, 720px\" \/><\/figure>\n<\/figure>\n\n\n\n<p>Gracias al apoyo de Casa Monarca se lograron trasladar a 13 personas originarias de Nicaragua, Venezuela y Guatemala, a este albergue.<\/p>\n\n\n\n<p>Tambi\u00e9n hay coordinaci\u00f3 con la Secretar\u00eda de Salud estatal y la Comisi\u00f3n Estatal de Derechos Humanos.<\/p>\n","protected":false},"excerpt":{"rendered":"<p>Monterrey . &#8211; Contin\u00faan aqui las jornadas de atenci\u00f3n para las personas migrantes que se encuentran en la Central de Autobuses, en espera de viajar a la frontera estadounidense. Ahora, se acerc\u00f3 los servicios de salud con unidades m\u00f3viles de la Nueva Ruta que brindaron limpieza y revisi\u00f3n dental, aplicaciones de fl\u00faor, ex\u00e1menes de la [&hellip;]<\/p>\n","protected":false},"author":1,"featured_media":106949,"comment_status":"open","ping_status":"open","sticky":true,"template":"","format":"standard","meta":{"footnotes":""},"categories":[6,3],"tags":[],"_links":{"self":[{"href":"https:\/\/diariodigitalmx.com\/index.php\/wp-json\/wp\/v2\/posts\/106947"}],"collection":[{"href":"https:\/\/diariodigitalmx.com\/index.php\/wp-json\/wp\/v2\/posts"}],"about":[{"href":"https:\/\/diariodigitalmx.com\/index.php\/wp-json\/wp\/v2\/types\/post"}],"author":[{"embeddable":true,"href":"https:\/\/diariodigitalmx.com\/index.php\/wp-json\/wp\/v2\/users\/1"}],"replies":[{"embeddable":true,"href":"https:\/\/diariodigitalmx.com\/index.php\/wp-json\/wp\/v2\/comments?post=106947"}],"version-history":[{"count":5,"href":"https:\/\/diariodigitalmx.com\/index.php\/wp-json\/wp\/v2\/posts\/106947\/revisions"}],"predecessor-version":[{"id":106967,"href":"https:\/\/diariodigitalmx.com\/index.php\/wp-json\/wp\/v2\/posts\/106947\/revisions\/106967"}],"wp:featuredmedia":[{"embeddable":true,"href":"https:\/\/diariodigitalmx.com\/index.php\/wp-json\/wp\/v2\/media\/106949"}],"wp:attachment":[{"href":"https:\/\/diariodigitalmx.com\/index.php\/wp-json\/wp\/v2\/media?parent=106947"}],"wp:term":[{"taxonomy":"category","embeddable":true,"href":"https:\/\/diariodigitalmx.com\/index.php\/wp-json\/wp\/v2\/categories?post=106947"},{"taxonomy":"post_tag","embeddable":true,"href":"https:\/\/diariodigitalmx.com\/index.php\/wp-json\/wp\/v2\/tags?post=106947"}],"curies":[{"name":"wp","href":"https:\/\/api.w.org\/{rel}","templated":true}]}}