{"id":106972,"date":"2023-10-03T18:09:33","date_gmt":"2023-10-03T23:09:33","guid":{"rendered":"http:\/\/diariodigitalmx.com\/?p=106972"},"modified":"2023-10-03T18:11:00","modified_gmt":"2023-10-03T23:11:00","slug":"lanza-monterrey-convocatoria-para-integrar-el-primer-cabildo-lgbtiq","status":"publish","type":"post","link":"https:\/\/diariodigitalmx.com\/index.php\/2023\/10\/03\/lanza-monterrey-convocatoria-para-integrar-el-primer-cabildo-lgbtiq\/","title":{"rendered":"Lanza Monterrey convocatoria para integrar el primer Cabildo LGBTIQ+"},"content":{"rendered":"\n<p>Para impulsar la participaci\u00f3n de todos los sectores sociales en la creaci\u00f3n de pol\u00edticas p\u00fablicas que les beneficien, con apego a la inclusi\u00f3n y respeto a los derechos humanos, este martes el Ayuntamiento de Monterrey convoc\u00f3 a conformar el primer Cabildo LGBTIQ +.<\/p>\n\n\n\n<p>La Regidora Ana Eugenia Rodr\u00edguez, Coordinadora de la Comisi\u00f3n de Igualdad de G\u00e9nero, dio a conocer que se busca darle voz a las personas de la diversidad sexual para que se atiendan sus necesidades.<\/p>\n\n\n\n<p>\u201cHay que voltear a ver que esto beneficia a un sector poblacional y que son \u2018elles\u2019 quienes tienen que decidir cu\u00e1les son las pol\u00edticas p\u00fablicas que se deben de impulsar.<\/p>\n\n\n\n<p>\u201cCreo que la verdadera inclusi\u00f3n no va de una voz privilegiada tratando de ser incluyente, sino de poner las necesidades en voz de quienes han vivido violencias y discriminaci\u00f3n, son \u2018elles\u2019 quienes van a cambiar la realidad\u201d, dijo Ana Eugenia Rodr\u00edguez.<\/p>\n\n\n\n<p>\u201cLos Gobiernos municipales debemos voltear a ver a las personas de poblaci\u00f3n LGBTQI + como aliados necesarios en la transformaci\u00f3n que necesita el mundo para lograr ser un espacio m\u00e1s incluyente y m\u00e1s emp\u00e1tico\u201d.<\/p>\n\n\n\n<p>En compa\u00f1\u00eda de integrantes del colectivo \u201cLGTB Rights Nuevo Le\u00f3n\u201d, inform\u00f3 que se abrir\u00e1n las puertas a mayores de 18 a\u00f1os que se identifiquen como parte de esta comunidad y que tengan propuestas de beneficio general para el sector.<\/p>\n\n\n\n<figure class=\"wp-block-image size-large\"><img loading=\"lazy\" decoding=\"async\" width=\"1024\" height=\"576\" src=\"http:\/\/diariodigitalmx.com\/wp-content\/uploads\/2023\/10\/LGTB-2-1024x576.jpg\" alt=\"\" class=\"wp-image-106975\" srcset=\"https:\/\/diariodigitalmx.com\/wp-content\/uploads\/2023\/10\/LGTB-2-1024x576.jpg 1024w, https:\/\/diariodigitalmx.com\/wp-content\/uploads\/2023\/10\/LGTB-2-300x169.jpg 300w, https:\/\/diariodigitalmx.com\/wp-content\/uploads\/2023\/10\/LGTB-2-768x432.jpg 768w, https:\/\/diariodigitalmx.com\/wp-content\/uploads\/2023\/10\/LGTB-2.jpg 1280w\" sizes=\"(max-width: 1024px) 100vw, 1024px\" \/><\/figure>\n\n\n\n<p>La iniciativa de conformar este Cabildo surgi\u00f3 del Presidente de dicho colectivo, Guillermo Ibarra, quien realiz\u00f3 este ejercicio en el Congreso local en enero pasado.<\/p>\n\n\n\n<p>\u201cEste Cabildo nace de la idea de que este espacio se dedicaba a realizar pol\u00edticas p\u00fablicas que&nbsp;discriminaban&nbsp;a nuestra poblaci\u00f3n, entonces, utilizarlo ahora para recibir propuestas de la ciudadan\u00eda LGBTQI +, para crear espacios seguros es un paso hist\u00f3rico, se va a abrir la puerta a nuestra comunidad por primera vez en la historia para que sean escuchadas esas voces que antes fueron perseguidas e incluso asesinadas\u201d, afirm\u00f3 Guillermo Ibarra.<\/p>\n\n\n\n<p>Por su parte, la Regidora Karla Torres, consider\u00f3 la apertura del Gobierno de la Ciudad como real y sin precedentes.<\/p>\n\n\n\n<p>\u201cEs un hecho hist\u00f3rico, nunca hab\u00eda habido un gobierno municipal con esta apertura para los distintos sectores de la poblaci\u00f3n, es una oportunidad para que los miembros de la comunidad tomemos estos espacios que son necesarios porque tambi\u00e9n pagamos impuestos y necesitamos representatividad\u201d, puntualiz\u00f3.<\/p>\n\n\n\n<figure class=\"wp-block-image size-large\"><img loading=\"lazy\" decoding=\"async\" width=\"1024\" height=\"1024\" src=\"http:\/\/diariodigitalmx.com\/wp-content\/uploads\/2023\/10\/CABILDO-LGBTIQ-1-1024x1024.jpg\" alt=\"\" class=\"wp-image-106978\" srcset=\"https:\/\/diariodigitalmx.com\/wp-content\/uploads\/2023\/10\/CABILDO-LGBTIQ-1-1024x1024.jpg 1024w, https:\/\/diariodigitalmx.com\/wp-content\/uploads\/2023\/10\/CABILDO-LGBTIQ-1-300x300.jpg 300w, https:\/\/diariodigitalmx.com\/wp-content\/uploads\/2023\/10\/CABILDO-LGBTIQ-1-150x150.jpg 150w, https:\/\/diariodigitalmx.com\/wp-content\/uploads\/2023\/10\/CABILDO-LGBTIQ-1-768x768.jpg 768w, https:\/\/diariodigitalmx.com\/wp-content\/uploads\/2023\/10\/CABILDO-LGBTIQ-1.jpg 1280w\" sizes=\"(max-width: 1024px) 100vw, 1024px\" \/><\/figure>\n\n\n\n<p>La convocatoria busca integrar a 30 ciudadanos que vivan, estudien o trabajen en la ciudad de Monterrey, adem\u00e1s de cumplir con diversos requisitos como:<\/p>\n\n\n\n<p>&#8211;&nbsp;&nbsp;&nbsp;&nbsp;&nbsp;&nbsp;&nbsp;Ser mayor de edad.<\/p>\n\n\n\n<p>&#8211;&nbsp;&nbsp;&nbsp;&nbsp;&nbsp;&nbsp;&nbsp;Realizar una propuesta de pol\u00edtica p\u00fablica en alguna materia de competencia municipal.<\/p>\n\n\n\n<p>&#8211;&nbsp;&nbsp;&nbsp;&nbsp;&nbsp;&nbsp;&nbsp;Realizar y enviar un video con duraci\u00f3n m\u00e1xima de dos minutos, dirigido a la Regidora Ana Eugenia Rodr\u00edguez en donde exponga su propuesta pol\u00edtica y por qu\u00e9 su deseo de participar en el Cabildo.<\/p>\n\n\n\n<p>La fecha l\u00edmite para la postulaci\u00f3n es el 1 de noviembre, el d\u00eda 7 se dar\u00e1n a conocer a los elegidos y el ejercicio se efectuar\u00e1 los d\u00edas 13 y 14 del pr\u00f3ximo mes por la tarde.<\/p>\n\n\n\n<p>Los interesados deben enviar su informaci\u00f3n al correo&nbsp;<a href=\"mailto:say.dgap@monterrey.gob.mx\" target=\"_blank\" rel=\"noreferrer noopener\">say.dgap@monterrey.gob.mx<\/a>&nbsp;en formato PDF o si lo prefieren, entregarlo de manera presencial en la oficina de la Direcci\u00f3n de Gobierno y Asuntos Pol\u00edticos de la Secretar\u00eda del Ayuntamiento de Monterrey.<\/p>\n\n\n\n<p>Solo ser\u00e1n tomadas en cuenta las solicitudes enviadas en tiempo y forma y los Regidores del primer Cabildo LGTBQI + ser\u00e1n designados respetando la paridad y representatividad.<\/p>\n","protected":false},"excerpt":{"rendered":"<p>Para impulsar la participaci\u00f3n de todos los sectores sociales en la creaci\u00f3n de pol\u00edticas p\u00fablicas que les beneficien, con apego a la inclusi\u00f3n y respeto a los derechos humanos, este martes el Ayuntamiento de Monterrey convoc\u00f3 a conformar el primer Cabildo LGBTIQ +. La Regidora Ana Eugenia Rodr\u00edguez, Coordinadora de la Comisi\u00f3n de Igualdad de [&hellip;]<\/p>\n","protected":false},"author":1,"featured_media":106974,"comment_status":"open","ping_status":"open","sticky":true,"template":"","format":"standard","meta":{"footnotes":""},"categories":[6,3],"tags":[],"_links":{"self":[{"href":"https:\/\/diariodigitalmx.com\/index.php\/wp-json\/wp\/v2\/posts\/106972"}],"collection":[{"href":"https:\/\/diariodigitalmx.com\/index.php\/wp-json\/wp\/v2\/posts"}],"about":[{"href":"https:\/\/diariodigitalmx.com\/index.php\/wp-json\/wp\/v2\/types\/post"}],"author":[{"embeddable":true,"href":"https:\/\/diariodigitalmx.com\/index.php\/wp-json\/wp\/v2\/users\/1"}],"replies":[{"embeddable":true,"href":"https:\/\/diariodigitalmx.com\/index.php\/wp-json\/wp\/v2\/comments?post=106972"}],"version-history":[{"count":3,"href":"https:\/\/diariodigitalmx.com\/index.php\/wp-json\/wp\/v2\/posts\/106972\/revisions"}],"predecessor-version":[{"id":106979,"href":"https:\/\/diariodigitalmx.com\/index.php\/wp-json\/wp\/v2\/posts\/106972\/revisions\/106979"}],"wp:featuredmedia":[{"embeddable":true,"href":"https:\/\/diariodigitalmx.com\/index.php\/wp-json\/wp\/v2\/media\/106974"}],"wp:attachment":[{"href":"https:\/\/diariodigitalmx.com\/index.php\/wp-json\/wp\/v2\/media?parent=106972"}],"wp:term":[{"taxonomy":"category","embeddable":true,"href":"https:\/\/diariodigitalmx.com\/index.php\/wp-json\/wp\/v2\/categories?post=106972"},{"taxonomy":"post_tag","embeddable":true,"href":"https:\/\/diariodigitalmx.com\/index.php\/wp-json\/wp\/v2\/tags?post=106972"}],"curies":[{"name":"wp","href":"https:\/\/api.w.org\/{rel}","templated":true}]}}