{"id":106980,"date":"2023-10-04T00:29:02","date_gmt":"2023-10-04T05:29:02","guid":{"rendered":"http:\/\/diariodigitalmx.com\/?p=106980"},"modified":"2023-10-04T00:30:58","modified_gmt":"2023-10-04T05:30:58","slug":"los-libros-de-la-semana-2","status":"publish","type":"post","link":"https:\/\/diariodigitalmx.com\/index.php\/2023\/10\/04\/los-libros-de-la-semana-2\/","title":{"rendered":"Los libros de la semana"},"content":{"rendered":"\n<p>Gerson G\u00f3mez Salas <\/p>\n\n\n\n<p><strong>Pancho Villa (Dos tomos) de FRIEDRICH KATZ , PALOMA VILLEGAS (TRAD.)<\/strong><\/p>\n\n\n\n<p>Joya literaria. El autor, hebreo de nacimiento, desterrado de Europa, llega a M\u00e9xico. Se interesa en una de las personalidades revolucionarias m\u00e1s contradictorias.<\/p>\n\n\n\n<p>A\u00f1os despu\u00e9s de los periodistas John Reed y Mart\u00edn Luis Guzm\u00e1n, quienes acompa\u00f1aron al centauro del norte en algunas de las batallas.<\/p>\n\n\n\n<p>Friedrich Katz realiza el recuento necesario, sin premura o sin ambages.<\/p>\n\n\n\n<p>Friedrich Katz, reconocido estudioso de la historia de M\u00e9xico, arranca esta monumental biograf\u00eda con una reconstrucci\u00f3n minuciosa de la realidad porfiriana de Chihuahua y de las condiciones que situaron a ese estado en el centro del proceso revolucionario, y contin\u00faa con una descripci\u00f3n de la vida de forajido que llev\u00f3 Villa antes de la revoluci\u00f3n y de su surgimiento como dirigente revolucionario menor hasta convertirse en el general que encabez\u00f3 ese hurac\u00e1n que fue la Divisi\u00f3n del Norte, probablemente el mayor ej\u00e9rcito revolucionario que se haya producido en Am\u00e9rica Latina.<\/p>\n\n\n\n<figure class=\"wp-block-image size-full\"><img loading=\"lazy\" decoding=\"async\" width=\"236\" height=\"320\" src=\"http:\/\/diariodigitalmx.com\/wp-content\/uploads\/2023\/10\/edition-138495-236x320-1.png\" alt=\"\" class=\"wp-image-106983\" srcset=\"https:\/\/diariodigitalmx.com\/wp-content\/uploads\/2023\/10\/edition-138495-236x320-1.png 236w, https:\/\/diariodigitalmx.com\/wp-content\/uploads\/2023\/10\/edition-138495-236x320-1-221x300.png 221w\" sizes=\"(max-width: 236px) 100vw, 236px\" \/><\/figure>\n\n\n\n<p><strong>El polvo que levantan las botas de los muertos de LUIS JORGE BOONE , JULI\u00c1N HERBERT<\/strong><\/p>\n\n\n\n<p>Obra polif\u00f3nica. Muestra las habilidades narrativas y po\u00e9ticas de los autores. Esos pasajes se esparcen en hojas suig\u00e9neris.<\/p>\n\n\n\n<p>Si bien los vencedores y vencidos en cada contienda armada son los ej\u00e9rcitos, Luis Jorge Boone y Juli\u00e1n Herbert nos recuerdan, en El polvo que levantan las botas de los muertos, que esos ej\u00e9rcitos se componen de individuos, y que cada uno de ellos entra en batalla con su propio bagaje de fortalezas y debilidades, miedos y aspiraciones, rencores y esperanzas: en los dos relatos que integran este volumen atestiguamos c\u00f3mo dos vidas cumplen su destino en el v\u00e9rtigo de \u201cla Bola\u201d, cada una a su manera, tal como lo hicieron miles de mexicanos en esos a\u00f1os de caos e incertidumbre.<\/p>\n\n\n\n<figure class=\"wp-block-image size-full\"><img loading=\"lazy\" decoding=\"async\" width=\"236\" height=\"320\" src=\"http:\/\/diariodigitalmx.com\/wp-content\/uploads\/2023\/10\/edition-139143-236x321-1.png\" alt=\"\" class=\"wp-image-106985\" srcset=\"https:\/\/diariodigitalmx.com\/wp-content\/uploads\/2023\/10\/edition-139143-236x321-1.png 236w, https:\/\/diariodigitalmx.com\/wp-content\/uploads\/2023\/10\/edition-139143-236x321-1-221x300.png 221w\" sizes=\"(max-width: 236px) 100vw, 236px\" \/><\/figure>\n\n\n\n<p><strong>Estrella y espiral de ADOLFO GILLY<\/strong><\/p>\n\n\n\n<p>La l\u00facida prosa de Adolfo Gilly, tan cercana en ritmo e im\u00e1genes a la escritura po\u00e9tica, acompa\u00f1a al lector a recorrer las tem\u00e1ticas que han atravesado su obra a lo largo de los a\u00f1os: la microhistoria, la modernidad y su violencia, la rebeli\u00f3n de los subalternos, la potencia liberadora de la literatura, la memoria que redime. As\u00ed, Estrella y espiral es el punto de reencuentro con maestros y, sobre todo, entra\u00f1ables amigos: un pasado que a\u00fan fulgura, en \u00e9l y en nosotros, incansablemente.<\/p>\n\n\n\n<figure class=\"wp-block-image size-full\"><img loading=\"lazy\" decoding=\"async\" width=\"236\" height=\"364\" src=\"http:\/\/diariodigitalmx.com\/wp-content\/uploads\/2023\/10\/edition-72455-236x365-1.jpg\" alt=\"\" class=\"wp-image-106987\" srcset=\"https:\/\/diariodigitalmx.com\/wp-content\/uploads\/2023\/10\/edition-72455-236x365-1.jpg 236w, https:\/\/diariodigitalmx.com\/wp-content\/uploads\/2023\/10\/edition-72455-236x365-1-195x300.jpg 195w\" sizes=\"(max-width: 236px) 100vw, 236px\" \/><\/figure>\n\n\n\n<p><strong>Los rituales del caos de CARLOS MONSIV\u00c1IS<\/strong><\/p>\n\n\n\n<p>En esta versi\u00f3n revisada y de bolsillo, donde no se incluye el personaje de Gloria Trevi, el autor hace un homenaje al periodismo literario, la cr\u00f3nica es solo el pretexto original.<\/p>\n\n\n\n<p>Si, adem\u00e1s de la realidad, algo se opone a lo uniforme, son las cr\u00f3nicas urbanas de personajes y creencias. As\u00ed, por ejemplo. Este auge de lo diverso admite la convivencia, divertida o resignada, contradictoria y complementaria, de Luis Miguel y el Ni\u00f1o Fidencio, de El Santo, el enmascarado de Plata, y el Metro, de Sting y los coleccionistas de pintura virreinal. Lo antes mencionado, en un sentido digamos que positivo, apunta al caos, en esta oportunidad no la alteraci\u00f3n de las jerarqu\u00edas sino la gana de vivir como si las jerarqu\u00edas no estuviesen aqu\u00ed, sobre uno y dentro de uno. Y el caos (en el sentido de marejada del relajo y sue\u00f1o de la trascendencia) usa tambi\u00e9n de esas fijezas en el tumulto que llamamos rituales.<\/p>\n","protected":false},"excerpt":{"rendered":"<p>Gerson G\u00f3mez Salas Pancho Villa (Dos tomos) de FRIEDRICH KATZ , PALOMA VILLEGAS (TRAD.) Joya literaria. El autor, hebreo de nacimiento, desterrado de Europa, llega a M\u00e9xico. Se interesa en una de las personalidades revolucionarias m\u00e1s contradictorias. A\u00f1os despu\u00e9s de los periodistas John Reed y Mart\u00edn Luis Guzm\u00e1n, quienes acompa\u00f1aron al centauro del norte en [&hellip;]<\/p>\n","protected":false},"author":1,"featured_media":106982,"comment_status":"open","ping_status":"open","sticky":true,"template":"","format":"standard","meta":{"footnotes":""},"categories":[11,14],"tags":[],"_links":{"self":[{"href":"https:\/\/diariodigitalmx.com\/index.php\/wp-json\/wp\/v2\/posts\/106980"}],"collection":[{"href":"https:\/\/diariodigitalmx.com\/index.php\/wp-json\/wp\/v2\/posts"}],"about":[{"href":"https:\/\/diariodigitalmx.com\/index.php\/wp-json\/wp\/v2\/types\/post"}],"author":[{"embeddable":true,"href":"https:\/\/diariodigitalmx.com\/index.php\/wp-json\/wp\/v2\/users\/1"}],"replies":[{"embeddable":true,"href":"https:\/\/diariodigitalmx.com\/index.php\/wp-json\/wp\/v2\/comments?post=106980"}],"version-history":[{"count":4,"href":"https:\/\/diariodigitalmx.com\/index.php\/wp-json\/wp\/v2\/posts\/106980\/revisions"}],"predecessor-version":[{"id":106988,"href":"https:\/\/diariodigitalmx.com\/index.php\/wp-json\/wp\/v2\/posts\/106980\/revisions\/106988"}],"wp:featuredmedia":[{"embeddable":true,"href":"https:\/\/diariodigitalmx.com\/index.php\/wp-json\/wp\/v2\/media\/106982"}],"wp:attachment":[{"href":"https:\/\/diariodigitalmx.com\/index.php\/wp-json\/wp\/v2\/media?parent=106980"}],"wp:term":[{"taxonomy":"category","embeddable":true,"href":"https:\/\/diariodigitalmx.com\/index.php\/wp-json\/wp\/v2\/categories?post=106980"},{"taxonomy":"post_tag","embeddable":true,"href":"https:\/\/diariodigitalmx.com\/index.php\/wp-json\/wp\/v2\/tags?post=106980"}],"curies":[{"name":"wp","href":"https:\/\/api.w.org\/{rel}","templated":true}]}}