{"id":106989,"date":"2023-10-04T00:52:36","date_gmt":"2023-10-04T05:52:36","guid":{"rendered":"http:\/\/diariodigitalmx.com\/?p=106989"},"modified":"2023-10-04T00:53:42","modified_gmt":"2023-10-04T05:53:42","slug":"invitan-y-desinvitan-a-alcalde-que-dona-terreno-para-fuerza-civil","status":"publish","type":"post","link":"https:\/\/diariodigitalmx.com\/index.php\/2023\/10\/04\/invitan-y-desinvitan-a-alcalde-que-dona-terreno-para-fuerza-civil\/","title":{"rendered":"Invitan y desinvitan a Alcalde que dona terreno para Fuerza Civil"},"content":{"rendered":"\n<p>Santiago, N.L.- El municipio de Santiago don\u00f3 un terreno de 5 mil metros cuadrados para que se construyera un destacamento de Fuerza Civil, la policia estatal; a su inauguraci\u00f3n se invit\u00f3 y luego desinvit\u00f3 al Alcalde David de la Pe\u00f1a.<\/p>\n\n\n\n<p>El Edil de extracci\u00f3n priista acusa al gobierno de Samuel Garc\u00eda de politizar la seguridad y de descordinar cuando debiera haber coordinaci\u00f3n entre los niveles de Gobierno.<\/p>\n\n\n\n<p>&#8220;Ellos hablan de una coordinaci\u00f3n entre las autoridades municipales, estatales y federales, y por parte del Gobierno hacen otras acciones. Creemos que la seguridad no se debe politizar en esta crisis que estamos viviendo, deber\u00edamos de estar m\u00e1s coordinados y unidos que nunca&#8221;, coment\u00f3.<\/p>\n\n\n\n<p>De la Pe\u00f1a dijo que el terreno fue donado por el Cabildo de Santiago hace unos ocho meses al Estado, y en la inauguraci\u00f3n de las instalaciones de la Polic\u00eda estatal el viernes pasado los desinvitaron, una acci\u00f3n que califica de desacierto.<\/p>\n\n\n\n<figure class=\"wp-block-image size-large\"><img loading=\"lazy\" decoding=\"async\" width=\"1024\" height=\"609\" src=\"http:\/\/diariodigitalmx.com\/wp-content\/uploads\/2023\/10\/destacamento_fuerza_civil_en_santiago_02-1024x609.jpg\" alt=\"\" class=\"wp-image-106992\" srcset=\"https:\/\/diariodigitalmx.com\/wp-content\/uploads\/2023\/10\/destacamento_fuerza_civil_en_santiago_02-1024x609.jpg 1024w, https:\/\/diariodigitalmx.com\/wp-content\/uploads\/2023\/10\/destacamento_fuerza_civil_en_santiago_02-300x178.jpg 300w, https:\/\/diariodigitalmx.com\/wp-content\/uploads\/2023\/10\/destacamento_fuerza_civil_en_santiago_02-768x456.jpg 768w, https:\/\/diariodigitalmx.com\/wp-content\/uploads\/2023\/10\/destacamento_fuerza_civil_en_santiago_02.jpg 1410w\" sizes=\"(max-width: 1024px) 100vw, 1024px\" \/><\/figure>\n\n\n\n<p>&#8220;Nos invitaron y luego nos desinvitaron. Nos invitaron el d\u00eda viernes por parte de Fideprodes (Proyectos Estrat\u00e9gicos), y s\u00f3lo dijeron que se pospon\u00eda, por la presencia de las avanzadas del Gobernador s\u00ed se iba llevar acabo el evento, se llev\u00f3 acabo y pues obviamente no fuimos requeridos&#8221;, abund\u00f3 quien se\u00f1ala que la seguridad no debe tener colores partidistas.<\/p>\n\n\n\n<p>Pese al desaire, el Edil aplaude las instalaciones del destacamento que ocupa un lugar estrat\u00e9gico para el municipio que junto a carreteras de localidades adjuntas, por una zona de baja densidad poblacional lo que lo puede convertir en un corredor para el crimen organizado.<\/p>\n\n\n\n<p>El nuevo destacamento est\u00e1 comprendido en 5 mil metros cuadrados de instalaciones de primer nivel, a la altura de la mejor polic\u00eda de M\u00e9xico, expres\u00f3 Garc\u00eda Sep\u00falveda en la inauguraci\u00f3n; en este espacio se integran dormitorios, \u00e1reas de descanso, cocina, armer\u00eda, \u00e1rea m\u00e9dica, comandancia con estacionamiento y rampa de acceso.<\/p>\n\n\n\n<p>\u201cEsta polic\u00eda de \u00e9lite que cuida a Nuevo Le\u00f3n, merec\u00eda las mejores condiciones y por eso no dudamos en hacer estos destacamentos, con muebles de primer nivel, comedor, climas centrales, adem\u00e1s salas de juntas, torres de vigilancia, armer\u00eda, ba\u00f1os\u201d, detall\u00f3.<\/p>\n","protected":false},"excerpt":{"rendered":"<p>Santiago, N.L.- El municipio de Santiago don\u00f3 un terreno de 5 mil metros cuadrados para que se construyera un destacamento de Fuerza Civil, la policia estatal; a su inauguraci\u00f3n se invit\u00f3 y luego desinvit\u00f3 al Alcalde David de la Pe\u00f1a. El Edil de extracci\u00f3n priista acusa al gobierno de Samuel Garc\u00eda de politizar la seguridad [&hellip;]<\/p>\n","protected":false},"author":1,"featured_media":106991,"comment_status":"open","ping_status":"open","sticky":true,"template":"","format":"standard","meta":{"footnotes":""},"categories":[6,3],"tags":[],"_links":{"self":[{"href":"https:\/\/diariodigitalmx.com\/index.php\/wp-json\/wp\/v2\/posts\/106989"}],"collection":[{"href":"https:\/\/diariodigitalmx.com\/index.php\/wp-json\/wp\/v2\/posts"}],"about":[{"href":"https:\/\/diariodigitalmx.com\/index.php\/wp-json\/wp\/v2\/types\/post"}],"author":[{"embeddable":true,"href":"https:\/\/diariodigitalmx.com\/index.php\/wp-json\/wp\/v2\/users\/1"}],"replies":[{"embeddable":true,"href":"https:\/\/diariodigitalmx.com\/index.php\/wp-json\/wp\/v2\/comments?post=106989"}],"version-history":[{"count":2,"href":"https:\/\/diariodigitalmx.com\/index.php\/wp-json\/wp\/v2\/posts\/106989\/revisions"}],"predecessor-version":[{"id":106993,"href":"https:\/\/diariodigitalmx.com\/index.php\/wp-json\/wp\/v2\/posts\/106989\/revisions\/106993"}],"wp:featuredmedia":[{"embeddable":true,"href":"https:\/\/diariodigitalmx.com\/index.php\/wp-json\/wp\/v2\/media\/106991"}],"wp:attachment":[{"href":"https:\/\/diariodigitalmx.com\/index.php\/wp-json\/wp\/v2\/media?parent=106989"}],"wp:term":[{"taxonomy":"category","embeddable":true,"href":"https:\/\/diariodigitalmx.com\/index.php\/wp-json\/wp\/v2\/categories?post=106989"},{"taxonomy":"post_tag","embeddable":true,"href":"https:\/\/diariodigitalmx.com\/index.php\/wp-json\/wp\/v2\/tags?post=106989"}],"curies":[{"name":"wp","href":"https:\/\/api.w.org\/{rel}","templated":true}]}}