{"id":10699,"date":"2019-08-26T17:47:53","date_gmt":"2019-08-26T22:47:53","guid":{"rendered":"http:\/\/diariodigitalmx.com\/?p=10699"},"modified":"2019-08-26T17:55:07","modified_gmt":"2019-08-26T22:55:07","slug":"traslado-de-internos-de-topo-chico-en-dias-derechos-humanos-emite-medidas-precautorias","status":"publish","type":"post","link":"https:\/\/diariodigitalmx.com\/index.php\/2019\/08\/26\/traslado-de-internos-de-topo-chico-en-dias-derechos-humanos-emite-medidas-precautorias\/","title":{"rendered":"Traslado de internos de Topo Chico en d\u00edas; Derechos Humanos emite medidas precautorias"},"content":{"rendered":"\n<p>Jessica Leal<br><\/p>\n\n\n\n<p>Monterrey, N. L- A partir del pr\u00f3ximo 30 de septiembre se inicia el traslado de unos 2700 reos del Penal del Topo Chico a otros centros penitenciarios de Nuevo Le\u00f3n, inform\u00f3 el gobernador Jaime Rodr\u00edguez Calder\u00f3n.<br><\/p>\n\n\n\n<p>Mientras tanto, la Comisi\u00f3n Estatal de Derechos Humanos solicit\u00f3 al Estado se respeten los derechos humanos en el traslado y que se informe del protocolo a seguir luego de que se anunci\u00f3 el cierre de Topo Chico.<br><\/p>\n\n\n\n<p>El Bronco dice que los traslados se har\u00e1n una vez que est\u00e9 lista la remodelaci\u00f3n del Penal de Apodaca. &#8220;Es una decisi\u00f3n del Estado y es una decisi\u00f3n de que el Penal del Topo Chico ya no cumple con las caracter\u00edsticas que debe tener para la propia seguridad del propio reo y finalmente no se van a ir fuera del estado, se van a cambiar solo de direcci\u00f3n&#8221;.<br><\/p>\n\n\n\n<p>&nbsp;Seg\u00fan el gobernante,&nbsp;los reos tendr\u00e1n&nbsp; una mejor calidad de vida as\u00ed como oportunidades para rehabilitarse.<br><\/p>\n\n\n\n<p>Por \u00faltimo agreg\u00f3 que los juzgados seguir\u00e1n trabajando normalmente en las mismas instalaciones, sin embargo, una vez que est\u00e9n listas en Apodaca, ir\u00e1n hacia all\u00e1.<br><\/p>\n\n\n\n<p>A su vez, la Comisi\u00f3n Estatal de Derechos Humanos de Nuevo Le\u00f3n emiti\u00f3 medidas precautorias, dirigidas al secretario General de Gobierno del Estado, a efecto de que los traslados de personas privadas de la libertad del penal del Topo Chico, como se tienen contemplado a&nbsp; finales de septiembre, se lleven a cabo adoptando medidas oportunas, efectivas y primordialmente de respeto a los derechos humanos.<br><\/p>\n\n\n\n<p>Solicita se informe cu\u00e1l es el protocolo que se implementar\u00e1 para realizar dicho traslado; la pol\u00edtica para atender su clasificaci\u00f3n; las acciones que se llevar\u00e1n a cabo para informar, tanto a la autoridad judicial como a sus familiares del traslado; garantizar que las pertenencias de todos y cada uno de las personas&nbsp; privadas de la libertad, sean entregadas en debido estado, a \u00e9ste o a quien \u00e9l designe.<br><\/p>\n\n\n\n<p>Adem\u00e1s, que una vez que se efect\u00fae el traslado, los actos de revisi\u00f3n deber\u00e1n atender a los principios de necesidad, razonabilidad y proporcionalidad; que se realicen de la manera menos intrusiva posible, respetando su intimidad e integridad f\u00edsica y se&nbsp; garantice en  todo momento, que las personas privadas de libertad no reciban agresiones f\u00edsicas o mentales, as\u00ed como tratos humillantes que propicien la exhibici\u00f3n p\u00fablica.<br><\/p>\n\n\n\n<p>Por \u00faltimo, se prevea que los lugares de estancia donde sean ubicadas las personas trasladadas, se encuentren en condiciones de estancia digna, es decir, espacio suficiente para deambular; luz; ventilaci\u00f3n natural y artificial; camas y colchones para cada uno de los reclusos, alimentaci\u00f3n, agua para consumo y aseo personal, retrete y regadera.&nbsp;<br><\/p>\n\n\n\n<p>La CEDHNL otorg\u00f3 a la autoridad un plazo de tres d\u00edas naturales para que informe&nbsp; sobre las  medidas y acciones adoptadas al respecto.<br><\/p>\n\n\n\n<p>El cierre de Topo Chico, forma parte de un proyecto de gobernabilidad de los cuatro penales que quedar\u00e1n: el de Apodaca, Cadereyta, el de j\u00f3venes y Mujeres, inform\u00f3 a su vez el secretario general de Gobierno, Manuel Gonz\u00e1lez.<\/p>\n\n\n\n<p><\/p>\n","protected":false},"excerpt":{"rendered":"<p>Jessica Leal Monterrey, N. L- A partir del pr\u00f3ximo 30 de septiembre se inicia el traslado de unos 2700 reos del Penal del Topo Chico a otros centros penitenciarios de Nuevo Le\u00f3n, inform\u00f3 el gobernador Jaime Rodr\u00edguez Calder\u00f3n. Mientras tanto, la Comisi\u00f3n Estatal de Derechos Humanos solicit\u00f3 al Estado se respeten los derechos humanos en [&hellip;]<\/p>\n","protected":false},"author":1,"featured_media":10701,"comment_status":"open","ping_status":"open","sticky":true,"template":"","format":"standard","meta":{"footnotes":""},"categories":[6],"tags":[],"_links":{"self":[{"href":"https:\/\/diariodigitalmx.com\/index.php\/wp-json\/wp\/v2\/posts\/10699"}],"collection":[{"href":"https:\/\/diariodigitalmx.com\/index.php\/wp-json\/wp\/v2\/posts"}],"about":[{"href":"https:\/\/diariodigitalmx.com\/index.php\/wp-json\/wp\/v2\/types\/post"}],"author":[{"embeddable":true,"href":"https:\/\/diariodigitalmx.com\/index.php\/wp-json\/wp\/v2\/users\/1"}],"replies":[{"embeddable":true,"href":"https:\/\/diariodigitalmx.com\/index.php\/wp-json\/wp\/v2\/comments?post=10699"}],"version-history":[{"count":2,"href":"https:\/\/diariodigitalmx.com\/index.php\/wp-json\/wp\/v2\/posts\/10699\/revisions"}],"predecessor-version":[{"id":10702,"href":"https:\/\/diariodigitalmx.com\/index.php\/wp-json\/wp\/v2\/posts\/10699\/revisions\/10702"}],"wp:featuredmedia":[{"embeddable":true,"href":"https:\/\/diariodigitalmx.com\/index.php\/wp-json\/wp\/v2\/media\/10701"}],"wp:attachment":[{"href":"https:\/\/diariodigitalmx.com\/index.php\/wp-json\/wp\/v2\/media?parent=10699"}],"wp:term":[{"taxonomy":"category","embeddable":true,"href":"https:\/\/diariodigitalmx.com\/index.php\/wp-json\/wp\/v2\/categories?post=10699"},{"taxonomy":"post_tag","embeddable":true,"href":"https:\/\/diariodigitalmx.com\/index.php\/wp-json\/wp\/v2\/tags?post=10699"}],"curies":[{"name":"wp","href":"https:\/\/api.w.org\/{rel}","templated":true}]}}