{"id":107023,"date":"2023-10-04T14:35:27","date_gmt":"2023-10-04T19:35:27","guid":{"rendered":"http:\/\/diariodigitalmx.com\/?p=107023"},"modified":"2023-10-04T14:36:33","modified_gmt":"2023-10-04T19:36:33","slug":"hector-garcia-pide-facilidad-de-credito-para-concesionarios-de-taxis","status":"publish","type":"post","link":"https:\/\/diariodigitalmx.com\/index.php\/2023\/10\/04\/hector-garcia-pide-facilidad-de-credito-para-concesionarios-de-taxis\/","title":{"rendered":"H\u00e9ctor Garc\u00eda pide facilidad de cr\u00e9dito para concesionarios de taxis"},"content":{"rendered":"\n<p>H\u00e9ctor Garc\u00eda, Diputado local de Movimiento Ciudadano, present\u00f3 un exhorto dirigido al Poder Ejecutivo para que se ponga en marcha un esquema de cr\u00e9dito con Nacional Financiera para la sustituci\u00f3n y renovaci\u00f3n de veh\u00edculos de uso para taxi a fin de brindar al usuario un servicio seguro, c\u00f3modo, accesible, eficiente y sostenible.<\/p>\n\n\n\n<p>Los cr\u00e9ditos deber\u00e1n ser a trav\u00e9s de la Secretar\u00eda de Finanzas y Tesorer\u00eda del Estado y la Secretar\u00eda de Movilidad y Planeaci\u00f3n Urbana de Nuevo Le\u00f3n.<\/p>\n\n\n\n<p>\u201cEsta propuesta abonar\u00e1 a las actividades productivas del Estado y es un medio fundamental de trabajo para la realizaci\u00f3n del ser humano y la satisfacci\u00f3n de sus necesidades. Todas las personas tienen derecho al trabajo digno y socialmente \u00fatil\u201d, dijo el congresista.<\/p>\n\n\n\n<figure class=\"wp-block-image size-full\"><img loading=\"lazy\" decoding=\"async\" width=\"431\" height=\"483\" src=\"http:\/\/diariodigitalmx.com\/wp-content\/uploads\/2023\/10\/IMG-20231004-WA0103.jpg\" alt=\"\" class=\"wp-image-107026\" srcset=\"https:\/\/diariodigitalmx.com\/wp-content\/uploads\/2023\/10\/IMG-20231004-WA0103.jpg 431w, https:\/\/diariodigitalmx.com\/wp-content\/uploads\/2023\/10\/IMG-20231004-WA0103-268x300.jpg 268w\" sizes=\"(max-width: 431px) 100vw, 431px\" \/><\/figure>\n\n\n\n<p>Cabe destacar que esta iniciativa se suma a las acciones con las que el Ejecutivo busca mejorar la movilidad, con acciones como la construcci\u00f3n de las L\u00edneas 4,5 y 6 del Metro, la recuperaci\u00f3n de la Ecov\u00eda, as\u00ed como el plan del primer Tren Suburbano del Norte.<\/p>\n\n\n\n<p>Y es que, dentro de este plan se deben sumar acciones de quienes prestan el servicio de taxis, que es un trabajo digno al que tienen acceso los ciudadanos.<\/p>\n\n\n\n<p>Sin embargo, todo debe estar conforme a la legalidad y en regla con los permisos correspondientes con unidades renovadas, coment\u00f3 Garc\u00eda.<\/p>\n\n\n\n<p>Asimismo, refiri\u00f3 que existen alrededor de 30 mil taxis en el estado.<\/p>\n\n\n\n<p>\u201cEl objetivo de la propuesta es mejorar y modernizar el transporte p\u00fablico de Taxi y que los concesionarios puedan renovar sus unidades a trav\u00e9s del otorgamiento de un recurso y un esquema de cr\u00e9dito con Nacional Financiera\u201d, expres\u00f3 el Diputado.<\/p>\n\n\n\n<p>\u201cEl programa otorgar\u00e1, por \u00fanica vez, un apoyo econ\u00f3mico que establecer\u00e1n las reglas de operaci\u00f3n del programa para el enganche o pago inicial en la compra del veh\u00edculo, as\u00ed como un cr\u00e9dito en condiciones competitivas para cubrir el saldo restante de la unidad con la participaci\u00f3n de Nacional Financiera e intermediarios financieros\u201d, agreg\u00f3.<\/p>\n","protected":false},"excerpt":{"rendered":"<p>H\u00e9ctor Garc\u00eda, Diputado local de Movimiento Ciudadano, present\u00f3 un exhorto dirigido al Poder Ejecutivo para que se ponga en marcha un esquema de cr\u00e9dito con Nacional Financiera para la sustituci\u00f3n y renovaci\u00f3n de veh\u00edculos de uso para taxi a fin de brindar al usuario un servicio seguro, c\u00f3modo, accesible, eficiente y sostenible. Los cr\u00e9ditos deber\u00e1n [&hellip;]<\/p>\n","protected":false},"author":1,"featured_media":107025,"comment_status":"open","ping_status":"open","sticky":true,"template":"","format":"standard","meta":{"footnotes":""},"categories":[14,6],"tags":[],"_links":{"self":[{"href":"https:\/\/diariodigitalmx.com\/index.php\/wp-json\/wp\/v2\/posts\/107023"}],"collection":[{"href":"https:\/\/diariodigitalmx.com\/index.php\/wp-json\/wp\/v2\/posts"}],"about":[{"href":"https:\/\/diariodigitalmx.com\/index.php\/wp-json\/wp\/v2\/types\/post"}],"author":[{"embeddable":true,"href":"https:\/\/diariodigitalmx.com\/index.php\/wp-json\/wp\/v2\/users\/1"}],"replies":[{"embeddable":true,"href":"https:\/\/diariodigitalmx.com\/index.php\/wp-json\/wp\/v2\/comments?post=107023"}],"version-history":[{"count":2,"href":"https:\/\/diariodigitalmx.com\/index.php\/wp-json\/wp\/v2\/posts\/107023\/revisions"}],"predecessor-version":[{"id":107027,"href":"https:\/\/diariodigitalmx.com\/index.php\/wp-json\/wp\/v2\/posts\/107023\/revisions\/107027"}],"wp:featuredmedia":[{"embeddable":true,"href":"https:\/\/diariodigitalmx.com\/index.php\/wp-json\/wp\/v2\/media\/107025"}],"wp:attachment":[{"href":"https:\/\/diariodigitalmx.com\/index.php\/wp-json\/wp\/v2\/media?parent=107023"}],"wp:term":[{"taxonomy":"category","embeddable":true,"href":"https:\/\/diariodigitalmx.com\/index.php\/wp-json\/wp\/v2\/categories?post=107023"},{"taxonomy":"post_tag","embeddable":true,"href":"https:\/\/diariodigitalmx.com\/index.php\/wp-json\/wp\/v2\/tags?post=107023"}],"curies":[{"name":"wp","href":"https:\/\/api.w.org\/{rel}","templated":true}]}}