{"id":107028,"date":"2023-10-04T16:04:08","date_gmt":"2023-10-04T21:04:08","guid":{"rendered":"http:\/\/diariodigitalmx.com\/?p=107028"},"modified":"2023-10-04T16:08:44","modified_gmt":"2023-10-04T21:08:44","slug":"escobedo-se-pinta-de-rosa-arrancan-campana-contra-el-cancer-de-mama","status":"publish","type":"post","link":"https:\/\/diariodigitalmx.com\/index.php\/2023\/10\/04\/escobedo-se-pinta-de-rosa-arrancan-campana-contra-el-cancer-de-mama\/","title":{"rendered":"Escobedo se pinta de rosa; arrancan campa\u00f1a contra el c\u00e1ncer de mama"},"content":{"rendered":"\n<figure class=\"wp-block-image size-large\"><img loading=\"lazy\" decoding=\"async\" width=\"1024\" height=\"683\" src=\"http:\/\/diariodigitalmx.com\/wp-content\/uploads\/2023\/10\/Q9A1620-1024x683.jpg\" alt=\"\" class=\"wp-image-107032\" srcset=\"https:\/\/diariodigitalmx.com\/wp-content\/uploads\/2023\/10\/Q9A1620-1024x683.jpg 1024w, https:\/\/diariodigitalmx.com\/wp-content\/uploads\/2023\/10\/Q9A1620-300x200.jpg 300w, https:\/\/diariodigitalmx.com\/wp-content\/uploads\/2023\/10\/Q9A1620-768x512.jpg 768w, https:\/\/diariodigitalmx.com\/wp-content\/uploads\/2023\/10\/Q9A1620-1536x1024.jpg 1536w, https:\/\/diariodigitalmx.com\/wp-content\/uploads\/2023\/10\/Q9A1620-2048x1365.jpg 2048w\" sizes=\"(max-width: 1024px) 100vw, 1024px\" \/><\/figure>\n\n\n\n<p>El Municipio de Escobedo se suma a la ola rosa contra el C\u00e1ncer de Mama; a trav\u00e9s de una serie de actividades durante esta semana y todo el mes de octubre, el DIF Municipal promover\u00e1 la prevenci\u00f3n, la detecci\u00f3n y la atenci\u00f3n oportuna de esta enfermedad.<\/p>\n\n\n\n<figure class=\"wp-block-image size-large\"><img loading=\"lazy\" decoding=\"async\" width=\"1024\" height=\"683\" src=\"http:\/\/diariodigitalmx.com\/wp-content\/uploads\/2023\/10\/Q9A1808-1024x683.jpg\" alt=\"\" class=\"wp-image-107041\" srcset=\"https:\/\/diariodigitalmx.com\/wp-content\/uploads\/2023\/10\/Q9A1808-1024x683.jpg 1024w, https:\/\/diariodigitalmx.com\/wp-content\/uploads\/2023\/10\/Q9A1808-300x200.jpg 300w, https:\/\/diariodigitalmx.com\/wp-content\/uploads\/2023\/10\/Q9A1808-768x512.jpg 768w, https:\/\/diariodigitalmx.com\/wp-content\/uploads\/2023\/10\/Q9A1808-1536x1024.jpg 1536w, https:\/\/diariodigitalmx.com\/wp-content\/uploads\/2023\/10\/Q9A1808-2048x1365.jpg 2048w\" sizes=\"(max-width: 1024px) 100vw, 1024px\" \/><\/figure>\n\n\n\n<p>El Alcalde Andr\u00e9s Mijes, junto a Yessica Torres de Mijes, Presidenta de DIF Escobedo, dieron por inaugurada la campa\u00f1a de este a\u00f1o en Casa en Rosa, donde se brindar\u00e1 a las mujeres servicios m\u00e9dicos y pl\u00e1ticas preventivas, adem\u00e1s de actividades l\u00fadicas.<\/p>\n\n\n\n<p>En su mensaje, Mijes refiri\u00f3 que en Escobedo durante todo el a\u00f1o se realizan campa\u00f1as contra el C\u00e1ncer de Mama para lograr que m\u00e1s mujeres logren atenderse a tiempo.<\/p>\n\n\n\n<figure class=\"wp-block-image size-large\"><img loading=\"lazy\" decoding=\"async\" width=\"1024\" height=\"683\" src=\"http:\/\/diariodigitalmx.com\/wp-content\/uploads\/2023\/10\/Q9A1735-1024x683.jpg\" alt=\"\" class=\"wp-image-107034\" srcset=\"https:\/\/diariodigitalmx.com\/wp-content\/uploads\/2023\/10\/Q9A1735-1024x683.jpg 1024w, https:\/\/diariodigitalmx.com\/wp-content\/uploads\/2023\/10\/Q9A1735-300x200.jpg 300w, https:\/\/diariodigitalmx.com\/wp-content\/uploads\/2023\/10\/Q9A1735-768x512.jpg 768w, https:\/\/diariodigitalmx.com\/wp-content\/uploads\/2023\/10\/Q9A1735-1536x1024.jpg 1536w, https:\/\/diariodigitalmx.com\/wp-content\/uploads\/2023\/10\/Q9A1735-2048x1365.jpg 2048w\" sizes=\"(max-width: 1024px) 100vw, 1024px\" \/><\/figure>\n\n\n\n<p>\u201cNosotros aqu\u00ed a trav\u00e9s de Casa en Rosa estamos trabajando todo el a\u00f1o con estos servicios que brindamos, por tres d\u00edas tendremos el mast\u00f3grafo m\u00f3vil, todo el a\u00f1o tenemos campa\u00f1as de detecci\u00f3n oportuna del C\u00e1ncer de Mama, tenemos asesor\u00eda legal, asesor\u00eda psicol\u00f3gica, talleres de bailoterapia y din\u00e1micas que sirven para tener una mentalidad positiva contra el c\u00e1ncer\u201d, refiri\u00f3 el Edil.<\/p>\n\n\n\n<p>En la primera jornada del D\u00eda de Salud y Belleza se realizaron mamograf\u00edas gratuitas, ex\u00e1menes gratuitos de la vista con lentes a bajo costo, y se brindaron servicios de belleza gratuitos como aplicaci\u00f3n de u\u00f1as, pesta\u00f1as, corte de cabello, maquillaje y masajes terap\u00e9uticos.<\/p>\n\n\n\n<figure class=\"wp-block-image size-large\"><img loading=\"lazy\" decoding=\"async\" width=\"1024\" height=\"683\" src=\"http:\/\/diariodigitalmx.com\/wp-content\/uploads\/2023\/10\/Q9A1847-1024x683.jpg\" alt=\"\" class=\"wp-image-107036\" srcset=\"https:\/\/diariodigitalmx.com\/wp-content\/uploads\/2023\/10\/Q9A1847-1024x683.jpg 1024w, https:\/\/diariodigitalmx.com\/wp-content\/uploads\/2023\/10\/Q9A1847-300x200.jpg 300w, https:\/\/diariodigitalmx.com\/wp-content\/uploads\/2023\/10\/Q9A1847-768x512.jpg 768w, https:\/\/diariodigitalmx.com\/wp-content\/uploads\/2023\/10\/Q9A1847-1536x1024.jpg 1536w, https:\/\/diariodigitalmx.com\/wp-content\/uploads\/2023\/10\/Q9A1847-2048x1365.jpg 2048w\" sizes=\"(max-width: 1024px) 100vw, 1024px\" \/><\/figure>\n\n\n\n<p>A partir de hoy y hasta el viernes en Casa en Rosa se ofrecer\u00e1n 40 mastograf\u00edas gratuitas por d\u00eda, por lo que el Alcalde invit\u00f3 a las escobedenses no dejar de lado su salud e ir a estas brigadas.<\/p>\n\n\n\n<figure class=\"wp-block-image size-large\"><img loading=\"lazy\" decoding=\"async\" width=\"1024\" height=\"683\" src=\"http:\/\/diariodigitalmx.com\/wp-content\/uploads\/2023\/10\/Q9A1712-1024x683.jpg\" alt=\"\" class=\"wp-image-107038\" srcset=\"https:\/\/diariodigitalmx.com\/wp-content\/uploads\/2023\/10\/Q9A1712-1024x683.jpg 1024w, https:\/\/diariodigitalmx.com\/wp-content\/uploads\/2023\/10\/Q9A1712-300x200.jpg 300w, https:\/\/diariodigitalmx.com\/wp-content\/uploads\/2023\/10\/Q9A1712-768x512.jpg 768w, https:\/\/diariodigitalmx.com\/wp-content\/uploads\/2023\/10\/Q9A1712-1536x1024.jpg 1536w, https:\/\/diariodigitalmx.com\/wp-content\/uploads\/2023\/10\/Q9A1712-2048x1365.jpg 2048w\" sizes=\"(max-width: 1024px) 100vw, 1024px\" \/><\/figure>\n\n\n\n<p>Adem\u00e1s, en conjunto con la empresa Red Ambiental, arranc\u00f3 la campa\u00f1a \u201cQuiero que sigas aqu\u00ed\u201d para concientizar a la comunidad sobre el c\u00e1ncer de mama, con la cual a trav\u00e9s de un cami\u00f3n recorrer\u00e1 las colonias para llevar el mensaje de prevenci\u00f3n.<\/p>\n\n\n\n<p>Casa en Rosa est\u00e1 ubicada en la calle Durango 103 esquina con Avenida Morelos, en la Colonia Celestino Gasca, para m\u00e1s informaci\u00f3n de los servicios que se brinda en este espacio se puede comunicar al n\u00famero 81.8307.1618.<\/p>\n","protected":false},"excerpt":{"rendered":"<p>El Municipio de Escobedo se suma a la ola rosa contra el C\u00e1ncer de Mama; a trav\u00e9s de una serie de actividades durante esta semana y todo el mes de octubre, el DIF Municipal promover\u00e1 la prevenci\u00f3n, la detecci\u00f3n y la atenci\u00f3n oportuna de esta enfermedad. El Alcalde Andr\u00e9s Mijes, junto a Yessica Torres de [&hellip;]<\/p>\n","protected":false},"author":1,"featured_media":107030,"comment_status":"open","ping_status":"open","sticky":true,"template":"","format":"standard","meta":{"footnotes":""},"categories":[14,6],"tags":[],"_links":{"self":[{"href":"https:\/\/diariodigitalmx.com\/index.php\/wp-json\/wp\/v2\/posts\/107028"}],"collection":[{"href":"https:\/\/diariodigitalmx.com\/index.php\/wp-json\/wp\/v2\/posts"}],"about":[{"href":"https:\/\/diariodigitalmx.com\/index.php\/wp-json\/wp\/v2\/types\/post"}],"author":[{"embeddable":true,"href":"https:\/\/diariodigitalmx.com\/index.php\/wp-json\/wp\/v2\/users\/1"}],"replies":[{"embeddable":true,"href":"https:\/\/diariodigitalmx.com\/index.php\/wp-json\/wp\/v2\/comments?post=107028"}],"version-history":[{"count":6,"href":"https:\/\/diariodigitalmx.com\/index.php\/wp-json\/wp\/v2\/posts\/107028\/revisions"}],"predecessor-version":[{"id":107042,"href":"https:\/\/diariodigitalmx.com\/index.php\/wp-json\/wp\/v2\/posts\/107028\/revisions\/107042"}],"wp:featuredmedia":[{"embeddable":true,"href":"https:\/\/diariodigitalmx.com\/index.php\/wp-json\/wp\/v2\/media\/107030"}],"wp:attachment":[{"href":"https:\/\/diariodigitalmx.com\/index.php\/wp-json\/wp\/v2\/media?parent=107028"}],"wp:term":[{"taxonomy":"category","embeddable":true,"href":"https:\/\/diariodigitalmx.com\/index.php\/wp-json\/wp\/v2\/categories?post=107028"},{"taxonomy":"post_tag","embeddable":true,"href":"https:\/\/diariodigitalmx.com\/index.php\/wp-json\/wp\/v2\/tags?post=107028"}],"curies":[{"name":"wp","href":"https:\/\/api.w.org\/{rel}","templated":true}]}}