{"id":10707,"date":"2019-08-26T21:11:07","date_gmt":"2019-08-27T02:11:07","guid":{"rendered":"http:\/\/diariodigitalmx.com\/?p=10707"},"modified":"2019-08-26T21:13:18","modified_gmt":"2019-08-27T02:13:18","slug":"luto-en-la-lucha-libre-muere-dr-karonte-padre-de-caristico","status":"publish","type":"post","link":"https:\/\/diariodigitalmx.com\/index.php\/2019\/08\/26\/luto-en-la-lucha-libre-muere-dr-karonte-padre-de-caristico\/","title":{"rendered":"Luto en la lucha libre; muere Dr. Karonte, padre de Car\u00edstico"},"content":{"rendered":"\n<p>La lucha libre una vez m\u00e1s est\u00e1 de luto, pues este lunes se dio a conocer que el gladiador Dr. Karonte falleci\u00f3.<br><\/p>\n\n\n\n<p>Fue a trav\u00e9s de las redes sociales como se difundi\u00f3 la noticia del deceso del padre de figuras del deporte como lo es Car\u00edstico, Argos, Dr. Karonte Jr. y Argenis.<\/p>\n\n\n\n<p><br><\/p>\n\n\n\n<figure class=\"wp-block-image\"><img loading=\"lazy\" decoding=\"async\" width=\"686\" height=\"1024\" src=\"http:\/\/diariodigitalmx.com\/wp-content\/uploads\/2019\/08\/Screenshot_20190826-2103542-686x1024.png\" alt=\"\" class=\"wp-image-10710\" srcset=\"https:\/\/diariodigitalmx.com\/wp-content\/uploads\/2019\/08\/Screenshot_20190826-2103542-686x1024.png 686w, https:\/\/diariodigitalmx.com\/wp-content\/uploads\/2019\/08\/Screenshot_20190826-2103542-201x300.png 201w, https:\/\/diariodigitalmx.com\/wp-content\/uploads\/2019\/08\/Screenshot_20190826-2103542-768x1147.png 768w, https:\/\/diariodigitalmx.com\/wp-content\/uploads\/2019\/08\/Screenshot_20190826-2103542.png 942w\" sizes=\"(max-width: 686px) 100vw, 686px\" \/><\/figure>\n\n\n\n<p>El \u00faltimo mencionado, fue quien confirm\u00f3 el triste hecho, esto luego de que el referi, Hijo del tirantes, lo inform\u00f3.<br><\/p>\n\n\n\n<p>Dr. Karonte fue un luchador que apareci\u00f3 en el ring en la d\u00e9cada de los 60 y como gran legado deja a sus hijos, Car\u00edstico, Argenis y Dr. Karonte Jr.<\/p>\n\n\n\n<figure class=\"wp-block-image\"><img loading=\"lazy\" decoding=\"async\" width=\"735\" height=\"1024\" src=\"http:\/\/diariodigitalmx.com\/wp-content\/uploads\/2019\/08\/Screenshot_20190826-2104052-735x1024.png\" alt=\"\" class=\"wp-image-10712\" srcset=\"https:\/\/diariodigitalmx.com\/wp-content\/uploads\/2019\/08\/Screenshot_20190826-2104052-735x1024.png 735w, https:\/\/diariodigitalmx.com\/wp-content\/uploads\/2019\/08\/Screenshot_20190826-2104052-215x300.png 215w, https:\/\/diariodigitalmx.com\/wp-content\/uploads\/2019\/08\/Screenshot_20190826-2104052-768x1069.png 768w, https:\/\/diariodigitalmx.com\/wp-content\/uploads\/2019\/08\/Screenshot_20190826-2104052.png 925w\" sizes=\"(max-width: 735px) 100vw, 735px\" \/><\/figure>\n\n\n\n<p><\/p>\n","protected":false},"excerpt":{"rendered":"<p>La lucha libre una vez m\u00e1s est\u00e1 de luto, pues este lunes se dio a conocer que el gladiador Dr. Karonte falleci\u00f3. Fue a trav\u00e9s de las redes sociales como se difundi\u00f3 la noticia del deceso del padre de figuras del deporte como lo es Car\u00edstico, Argos, Dr. Karonte Jr. y Argenis. El \u00faltimo mencionado, [&hellip;]<\/p>\n","protected":false},"author":1,"featured_media":10709,"comment_status":"open","ping_status":"open","sticky":true,"template":"","format":"standard","meta":{"footnotes":""},"categories":[8,1],"tags":[],"_links":{"self":[{"href":"https:\/\/diariodigitalmx.com\/index.php\/wp-json\/wp\/v2\/posts\/10707"}],"collection":[{"href":"https:\/\/diariodigitalmx.com\/index.php\/wp-json\/wp\/v2\/posts"}],"about":[{"href":"https:\/\/diariodigitalmx.com\/index.php\/wp-json\/wp\/v2\/types\/post"}],"author":[{"embeddable":true,"href":"https:\/\/diariodigitalmx.com\/index.php\/wp-json\/wp\/v2\/users\/1"}],"replies":[{"embeddable":true,"href":"https:\/\/diariodigitalmx.com\/index.php\/wp-json\/wp\/v2\/comments?post=10707"}],"version-history":[{"count":3,"href":"https:\/\/diariodigitalmx.com\/index.php\/wp-json\/wp\/v2\/posts\/10707\/revisions"}],"predecessor-version":[{"id":10713,"href":"https:\/\/diariodigitalmx.com\/index.php\/wp-json\/wp\/v2\/posts\/10707\/revisions\/10713"}],"wp:featuredmedia":[{"embeddable":true,"href":"https:\/\/diariodigitalmx.com\/index.php\/wp-json\/wp\/v2\/media\/10709"}],"wp:attachment":[{"href":"https:\/\/diariodigitalmx.com\/index.php\/wp-json\/wp\/v2\/media?parent=10707"}],"wp:term":[{"taxonomy":"category","embeddable":true,"href":"https:\/\/diariodigitalmx.com\/index.php\/wp-json\/wp\/v2\/categories?post=10707"},{"taxonomy":"post_tag","embeddable":true,"href":"https:\/\/diariodigitalmx.com\/index.php\/wp-json\/wp\/v2\/tags?post=10707"}],"curies":[{"name":"wp","href":"https:\/\/api.w.org\/{rel}","templated":true}]}}