{"id":107102,"date":"2023-10-05T19:06:38","date_gmt":"2023-10-06T00:06:38","guid":{"rendered":"http:\/\/diariodigitalmx.com\/?p=107102"},"modified":"2023-10-05T19:18:31","modified_gmt":"2023-10-06T00:18:31","slug":"presentan-nuevo-modelo-de-intervencion-caipa","status":"publish","type":"post","link":"https:\/\/diariodigitalmx.com\/index.php\/2023\/10\/05\/presentan-nuevo-modelo-de-intervencion-caipa\/","title":{"rendered":"Presentan nuevo modelo de intervenci\u00f3n CAIPA"},"content":{"rendered":"\n<p>MONTERREY, NL.- Con una visi\u00f3n integral que focaliza los riesgos para anticipar, restaurar y reeducar a las juventudes en la prevenci\u00f3n del delito, la Secretaria de Igualdad e Inclusi\u00f3n, Martha Herrera, present\u00f3 el nuevo modelo de intervenci\u00f3n de los Centros de Atenci\u00f3n Integral para Adolescentes (CAIPA).<\/p>\n\n\n\n<p>Acompa\u00f1ada de Yolanda Santos de Hoyos, Presidenta y Fundadora de SUPERA, la funcionaria estatal explic\u00f3 que el nuevo modelo es un esfuerzo compartido entre la sociedad civil y el Gobierno del Estado, con quien se trabaj\u00f3 en la creaci\u00f3n de un manual operativo y de atenci\u00f3n especializada y focalizada para adolescentes.<\/p>\n\n\n\n<figure class=\"wp-block-gallery has-nested-images columns-default is-cropped wp-block-gallery-1 is-layout-flex wp-block-gallery-is-layout-flex\">\n<figure class=\"wp-block-image size-full\"><img loading=\"lazy\" decoding=\"async\" width=\"701\" height=\"464\" data-id=\"107111\" src=\"http:\/\/diariodigitalmx.com\/wp-content\/uploads\/2023\/10\/Screenshot_20231005-181258_Gallery.jpg\" alt=\"\" class=\"wp-image-107111\" srcset=\"https:\/\/diariodigitalmx.com\/wp-content\/uploads\/2023\/10\/Screenshot_20231005-181258_Gallery.jpg 701w, https:\/\/diariodigitalmx.com\/wp-content\/uploads\/2023\/10\/Screenshot_20231005-181258_Gallery-300x199.jpg 300w\" sizes=\"(max-width: 701px) 100vw, 701px\" \/><\/figure>\n\n\n\n<figure class=\"wp-block-image size-large\"><img loading=\"lazy\" decoding=\"async\" width=\"1024\" height=\"683\" data-id=\"107108\" src=\"http:\/\/diariodigitalmx.com\/wp-content\/uploads\/2023\/10\/image00015-1-1024x683.jpeg\" alt=\"\" class=\"wp-image-107108\" srcset=\"https:\/\/diariodigitalmx.com\/wp-content\/uploads\/2023\/10\/image00015-1-1024x683.jpeg 1024w, https:\/\/diariodigitalmx.com\/wp-content\/uploads\/2023\/10\/image00015-1-300x200.jpeg 300w, https:\/\/diariodigitalmx.com\/wp-content\/uploads\/2023\/10\/image00015-1-768x512.jpeg 768w, https:\/\/diariodigitalmx.com\/wp-content\/uploads\/2023\/10\/image00015-1-1536x1024.jpeg 1536w, https:\/\/diariodigitalmx.com\/wp-content\/uploads\/2023\/10\/image00015-1-2048x1365.jpeg 2048w\" sizes=\"(max-width: 1024px) 100vw, 1024px\" \/><\/figure>\n\n\n\n<figure class=\"wp-block-image size-large\"><img loading=\"lazy\" decoding=\"async\" width=\"1024\" height=\"683\" data-id=\"107106\" src=\"http:\/\/diariodigitalmx.com\/wp-content\/uploads\/2023\/10\/image00011-1-1024x683.jpeg\" alt=\"\" class=\"wp-image-107106\" srcset=\"https:\/\/diariodigitalmx.com\/wp-content\/uploads\/2023\/10\/image00011-1-1024x683.jpeg 1024w, https:\/\/diariodigitalmx.com\/wp-content\/uploads\/2023\/10\/image00011-1-300x200.jpeg 300w, https:\/\/diariodigitalmx.com\/wp-content\/uploads\/2023\/10\/image00011-1-768x512.jpeg 768w, https:\/\/diariodigitalmx.com\/wp-content\/uploads\/2023\/10\/image00011-1-1536x1024.jpeg 1536w, https:\/\/diariodigitalmx.com\/wp-content\/uploads\/2023\/10\/image00011-1-2048x1365.jpeg 2048w\" sizes=\"(max-width: 1024px) 100vw, 1024px\" \/><\/figure>\n<\/figure>\n\n\n\n<p>Estos documentos que servir\u00e1n como gu\u00edas de buenas pr\u00e1cticas en materia de prevenci\u00f3n social, justicia civil y penal para adolescentes, fueron entregados por la Secretaria Herrera a la alcaldesa de Allende, Patricia Salazar, en representaci\u00f3n de las y los alcaldes del Estado.<\/p>\n\n\n\n<p>\u201cDesde que inici\u00f3 esta administraci\u00f3n nos comprometimos con asumir un enfoque de derechos humanos para la prevenci\u00f3n social de las violencias y por ello decidimos adoptar las mejores pr\u00e1cticas globales que brindan un acompa\u00f1amiento digno y con sentido humano a las juventudes, basado en la progresividad de sus derechos\u201d, coment\u00f3.<\/p>\n\n\n\n<figure class=\"wp-block-image size-large\"><img loading=\"lazy\" decoding=\"async\" width=\"1024\" height=\"683\" src=\"http:\/\/diariodigitalmx.com\/wp-content\/uploads\/2023\/10\/image00003-1-1024x683.jpeg\" alt=\"\" class=\"wp-image-107109\" srcset=\"https:\/\/diariodigitalmx.com\/wp-content\/uploads\/2023\/10\/image00003-1-1024x683.jpeg 1024w, https:\/\/diariodigitalmx.com\/wp-content\/uploads\/2023\/10\/image00003-1-300x200.jpeg 300w, https:\/\/diariodigitalmx.com\/wp-content\/uploads\/2023\/10\/image00003-1-768x512.jpeg 768w, https:\/\/diariodigitalmx.com\/wp-content\/uploads\/2023\/10\/image00003-1-1536x1024.jpeg 1536w, https:\/\/diariodigitalmx.com\/wp-content\/uploads\/2023\/10\/image00003-1-2048x1365.jpeg 2048w\" sizes=\"(max-width: 1024px) 100vw, 1024px\" \/><\/figure>\n\n\n\n<p>Contar\u00e1 tambi\u00e9n con un Inventario de Gesti\u00f3n de Riesgo Delictivo (IGRD-J), herramienta de creaci\u00f3n que se realiz\u00f3 en colaboraci\u00f3n con SUPERA; as\u00ed como con un inventario de Gesti\u00f3n e Intervenci\u00f3n para J\u00f3venes (IGI-J).<\/p>\n\n\n\n<p>Y para hacer los procesos m\u00e1s \u00e1giles se introducir\u00e1 un expediente electr\u00f3nico para poner la tecnolog\u00eda al servicio de los usuarios, fortaleciendo la confidencialidad y mejorando el seguimiento, la investigaci\u00f3n y la rendici\u00f3n de cuentas a trav\u00e9s de la automatizaci\u00f3n de los reportes.<\/p>\n\n\n\n<figure class=\"wp-block-image size-large\"><img loading=\"lazy\" decoding=\"async\" width=\"1024\" height=\"683\" src=\"http:\/\/diariodigitalmx.com\/wp-content\/uploads\/2023\/10\/image00007-1024x683.jpeg\" alt=\"\" class=\"wp-image-107113\" srcset=\"https:\/\/diariodigitalmx.com\/wp-content\/uploads\/2023\/10\/image00007-1024x683.jpeg 1024w, https:\/\/diariodigitalmx.com\/wp-content\/uploads\/2023\/10\/image00007-300x200.jpeg 300w, https:\/\/diariodigitalmx.com\/wp-content\/uploads\/2023\/10\/image00007-768x512.jpeg 768w, https:\/\/diariodigitalmx.com\/wp-content\/uploads\/2023\/10\/image00007-1536x1024.jpeg 1536w, https:\/\/diariodigitalmx.com\/wp-content\/uploads\/2023\/10\/image00007-2048x1365.jpeg 2048w\" sizes=\"(max-width: 1024px) 100vw, 1024px\" \/><\/figure>\n\n\n\n<p>\u201cLos servicios que ofrece el nuevo modelo CAIPA incluyen atenciones psicosociales focalizadas, valoraci\u00f3n m\u00e9dica, orientaci\u00f3n vocacional, acompa\u00f1amiento socio familiar, dise\u00f1o de proyecto de vida, acompa\u00f1amiento educativo, actividades art\u00edsticas, deportivas y culturales. Pero este cat\u00e1logo de servicios, s\u00f3lo cobra sentido cuando se adapta a la situaci\u00f3n particular de cada uno de las y los adolescentes que atendemos\u201d, a\u00f1adi\u00f3 la funcionaria estatal.<\/p>\n\n\n\n<figure class=\"wp-block-image size-large\"><img loading=\"lazy\" decoding=\"async\" width=\"1024\" height=\"683\" src=\"http:\/\/diariodigitalmx.com\/wp-content\/uploads\/2023\/10\/image00005-1-1024x683.jpeg\" alt=\"\" class=\"wp-image-107116\" srcset=\"https:\/\/diariodigitalmx.com\/wp-content\/uploads\/2023\/10\/image00005-1-1024x683.jpeg 1024w, https:\/\/diariodigitalmx.com\/wp-content\/uploads\/2023\/10\/image00005-1-300x200.jpeg 300w, https:\/\/diariodigitalmx.com\/wp-content\/uploads\/2023\/10\/image00005-1-768x512.jpeg 768w, https:\/\/diariodigitalmx.com\/wp-content\/uploads\/2023\/10\/image00005-1-1536x1024.jpeg 1536w, https:\/\/diariodigitalmx.com\/wp-content\/uploads\/2023\/10\/image00005-1-2048x1365.jpeg 2048w\" sizes=\"(max-width: 1024px) 100vw, 1024px\" \/><\/figure>\n\n\n\n<p>A la fecha, la dependencia estatal ha firmado convenios de colaboraci\u00f3n con 14 municipios para el acompa\u00f1amiento de las juventudes entre ellos: Allende, Apodaca, Cadereyta Jim\u00e9nez, Garc\u00eda, General Escobedo, Guadalupe, El Carmen, Ju\u00e1rez, Montemorelos, Monterrey, Pesquer\u00eda con 4 m\u00f3dulos de atenci\u00f3n, Santa Catarina, San Nicol\u00e1s y San Pedro.<\/p>\n\n\n\n<figure class=\"wp-block-image size-large\"><img loading=\"lazy\" decoding=\"async\" width=\"1024\" height=\"683\" src=\"http:\/\/diariodigitalmx.com\/wp-content\/uploads\/2023\/10\/image00001-1024x683.jpeg\" alt=\"\" class=\"wp-image-107118\" srcset=\"https:\/\/diariodigitalmx.com\/wp-content\/uploads\/2023\/10\/image00001-1024x683.jpeg 1024w, https:\/\/diariodigitalmx.com\/wp-content\/uploads\/2023\/10\/image00001-300x200.jpeg 300w, https:\/\/diariodigitalmx.com\/wp-content\/uploads\/2023\/10\/image00001-768x512.jpeg 768w, https:\/\/diariodigitalmx.com\/wp-content\/uploads\/2023\/10\/image00001-1536x1024.jpeg 1536w, https:\/\/diariodigitalmx.com\/wp-content\/uploads\/2023\/10\/image00001-2048x1365.jpeg 2048w\" sizes=\"(max-width: 1024px) 100vw, 1024px\" \/><\/figure>\n\n\n\n<p>Durante el evento se firm\u00f3 un convenio de colaboraci\u00f3n con la Universidad Iberoamericana, centro de extensi\u00f3n Monterrey, con el objetivo de desarrollar proyectos espec\u00edficos que beneficien a las personas adolescentes, a sus familias y al personal t\u00e9cnico.<\/p>\n\n\n\n<p>Al t\u00e9rmino del evento, la funcionaria estatal particip\u00f3 en un di\u00e1logo con adolescentes CAIPA y recorri\u00f3 la exhibici\u00f3n de fotobiograf\u00eda, pinta de murales con la t\u00e9cnica Maddonnari, entre otras actividades que se desarrollaron en el marco del D\u00eda CAIPA.<\/p>\n\n\n\n<p>La dependencia tambi\u00e9n cont\u00f3 con m\u00f3dulos de oferta educativa, a trav\u00e9s de la Secretar\u00eda de Educaci\u00f3n; de capacitaci\u00f3n por medio del Instituto de Capacitaci\u00f3n y Educaci\u00f3n para el Trabajo (ICET), empleo con la Secretar\u00eda del Trabajo, as\u00ed como los servicios de salud de SUPERA y cabinas de grabaci\u00f3n por parte del INJUVE.<\/p>\n","protected":false},"excerpt":{"rendered":"<p>MONTERREY, NL.- Con una visi\u00f3n integral que focaliza los riesgos para anticipar, restaurar y reeducar a las juventudes en la prevenci\u00f3n del delito, la Secretaria de Igualdad e Inclusi\u00f3n, Martha Herrera, present\u00f3 el nuevo modelo de intervenci\u00f3n de los Centros de Atenci\u00f3n Integral para Adolescentes (CAIPA). Acompa\u00f1ada de Yolanda Santos de Hoyos, Presidenta y Fundadora [&hellip;]<\/p>\n","protected":false},"author":1,"featured_media":107104,"comment_status":"open","ping_status":"open","sticky":true,"template":"","format":"standard","meta":{"footnotes":""},"categories":[14,6],"tags":[],"_links":{"self":[{"href":"https:\/\/diariodigitalmx.com\/index.php\/wp-json\/wp\/v2\/posts\/107102"}],"collection":[{"href":"https:\/\/diariodigitalmx.com\/index.php\/wp-json\/wp\/v2\/posts"}],"about":[{"href":"https:\/\/diariodigitalmx.com\/index.php\/wp-json\/wp\/v2\/types\/post"}],"author":[{"embeddable":true,"href":"https:\/\/diariodigitalmx.com\/index.php\/wp-json\/wp\/v2\/users\/1"}],"replies":[{"embeddable":true,"href":"https:\/\/diariodigitalmx.com\/index.php\/wp-json\/wp\/v2\/comments?post=107102"}],"version-history":[{"count":6,"href":"https:\/\/diariodigitalmx.com\/index.php\/wp-json\/wp\/v2\/posts\/107102\/revisions"}],"predecessor-version":[{"id":107120,"href":"https:\/\/diariodigitalmx.com\/index.php\/wp-json\/wp\/v2\/posts\/107102\/revisions\/107120"}],"wp:featuredmedia":[{"embeddable":true,"href":"https:\/\/diariodigitalmx.com\/index.php\/wp-json\/wp\/v2\/media\/107104"}],"wp:attachment":[{"href":"https:\/\/diariodigitalmx.com\/index.php\/wp-json\/wp\/v2\/media?parent=107102"}],"wp:term":[{"taxonomy":"category","embeddable":true,"href":"https:\/\/diariodigitalmx.com\/index.php\/wp-json\/wp\/v2\/categories?post=107102"},{"taxonomy":"post_tag","embeddable":true,"href":"https:\/\/diariodigitalmx.com\/index.php\/wp-json\/wp\/v2\/tags?post=107102"}],"curies":[{"name":"wp","href":"https:\/\/api.w.org\/{rel}","templated":true}]}}