{"id":107126,"date":"2023-10-05T21:39:07","date_gmt":"2023-10-06T02:39:07","guid":{"rendered":"http:\/\/diariodigitalmx.com\/?p=107126"},"modified":"2023-10-05T21:50:34","modified_gmt":"2023-10-06T02:50:34","slug":"implementa-escobedo-operativo-acuario-ante-lluvias-piden-evitar-zonas-de-riesgo","status":"publish","type":"post","link":"https:\/\/diariodigitalmx.com\/index.php\/2023\/10\/05\/implementa-escobedo-operativo-acuario-ante-lluvias-piden-evitar-zonas-de-riesgo\/","title":{"rendered":"Implementa Escobedo &#8220;Operativo Acuario&#8221; ante lluvias; piden evitar zonas de riesgo"},"content":{"rendered":"\n<figure class=\"wp-block-image size-full\"><img loading=\"lazy\" decoding=\"async\" width=\"714\" height=\"397\" src=\"http:\/\/diariodigitalmx.com\/wp-content\/uploads\/2023\/10\/Screenshot_20231005-204847_Gallery.jpg\" alt=\"\" class=\"wp-image-107137\" srcset=\"https:\/\/diariodigitalmx.com\/wp-content\/uploads\/2023\/10\/Screenshot_20231005-204847_Gallery.jpg 714w, https:\/\/diariodigitalmx.com\/wp-content\/uploads\/2023\/10\/Screenshot_20231005-204847_Gallery-300x167.jpg 300w\" sizes=\"(max-width: 714px) 100vw, 714px\" \/><\/figure>\n\n\n\n<p>Ante el pron\u00f3stico de intensas lluvias en el Estado, el Municipio de Escobedo realiz\u00f3 trabajos preventivos para prevenir afectaciones en la Ciudad.<br>A trav\u00e9s de redes sociales, el Alcalde Andr\u00e9s Mijes inform\u00f3 que el personal de las diferentes dependencias municipales evaluaron la implementaci\u00f3n del \u201cOperativo Acuario\u201d para prevenir afectaciones a la poblaci\u00f3n en las zonas de riesgo identificadas.<br>De forma conjunta, elementos y personal de la Secretar\u00eda de Seguridad Ciudadana, Protecci\u00f3n Civil Municipal y de la Secretar\u00eda de Servicios P\u00fablicos implementaron desee la tarde del jueves operativos permanentes en diversas zonas de la Ciudad.<\/p>\n\n\n\n<figure class=\"wp-block-image size-large\"><img loading=\"lazy\" decoding=\"async\" width=\"768\" height=\"1024\" src=\"http:\/\/diariodigitalmx.com\/wp-content\/uploads\/2023\/10\/FOTO-5-1-768x1024.jpeg\" alt=\"\" class=\"wp-image-107129\" srcset=\"https:\/\/diariodigitalmx.com\/wp-content\/uploads\/2023\/10\/FOTO-5-1-768x1024.jpeg 768w, https:\/\/diariodigitalmx.com\/wp-content\/uploads\/2023\/10\/FOTO-5-1-225x300.jpeg 225w, https:\/\/diariodigitalmx.com\/wp-content\/uploads\/2023\/10\/FOTO-5-1-1152x1536.jpeg 1152w, https:\/\/diariodigitalmx.com\/wp-content\/uploads\/2023\/10\/FOTO-5-1.jpeg 1200w\" sizes=\"(max-width: 768px) 100vw, 768px\" \/><\/figure>\n\n\n\n<p>Ante el latente riesgo de fuertes precipitaciones que son provocadas por el Frente Fr\u00edo No. 4, el Alcalde exhort\u00f3 a la poblaci\u00f3n a extremar precauciones y atender el llamado de las autoridades.<br>\u201cEs importante que, si no tienen nada por que salir, no salgan de sus casas, no se expongan, no expongan a sus hijos, no expongan a sus familias, no expongan su patrimonio\u201d, dijo el Edil en un mensaje trasmitido a trav\u00e9s de sus redes sociales.<\/p>\n\n\n\n<figure class=\"wp-block-image size-large\"><img loading=\"lazy\" decoding=\"async\" width=\"768\" height=\"1024\" src=\"http:\/\/diariodigitalmx.com\/wp-content\/uploads\/2023\/10\/FOTO-1-768x1024.jpeg\" alt=\"\" class=\"wp-image-107132\" srcset=\"https:\/\/diariodigitalmx.com\/wp-content\/uploads\/2023\/10\/FOTO-1-768x1024.jpeg 768w, https:\/\/diariodigitalmx.com\/wp-content\/uploads\/2023\/10\/FOTO-1-225x300.jpeg 225w, https:\/\/diariodigitalmx.com\/wp-content\/uploads\/2023\/10\/FOTO-1-1152x1536.jpeg 1152w, https:\/\/diariodigitalmx.com\/wp-content\/uploads\/2023\/10\/FOTO-1.jpeg 1200w\" sizes=\"(max-width: 768px) 100vw, 768px\" \/><\/figure>\n\n\n\n<figure class=\"wp-block-image size-large\"><img loading=\"lazy\" decoding=\"async\" width=\"1024\" height=\"768\" src=\"http:\/\/diariodigitalmx.com\/wp-content\/uploads\/2023\/10\/FOTO-2-1024x768.jpeg\" alt=\"\" class=\"wp-image-107134\" srcset=\"https:\/\/diariodigitalmx.com\/wp-content\/uploads\/2023\/10\/FOTO-2-1024x768.jpeg 1024w, https:\/\/diariodigitalmx.com\/wp-content\/uploads\/2023\/10\/FOTO-2-300x225.jpeg 300w, https:\/\/diariodigitalmx.com\/wp-content\/uploads\/2023\/10\/FOTO-2-768x576.jpeg 768w, https:\/\/diariodigitalmx.com\/wp-content\/uploads\/2023\/10\/FOTO-2-1536x1152.jpeg 1536w, https:\/\/diariodigitalmx.com\/wp-content\/uploads\/2023\/10\/FOTO-2.jpeg 1600w\" sizes=\"(max-width: 1024px) 100vw, 1024px\" \/><\/figure>\n\n\n\n<p>Personal de Protecci\u00f3n Civil de Escobedo atendi\u00f3 reportes por encharcamientos ocasionados por alcantarillas tapadas por basura en la v\u00eda p\u00fablica.<\/p>\n\n\n\n<p>En coordinaci\u00f3n con personal de la Secretar\u00eda de Servicios P\u00fablicos, la tarde de este jueves elementos de Protecci\u00f3n Civil acudieron a la Colonia Ampliaci\u00f3n L\u00e1zaro C\u00e1rdenas donde alcantarillas tapadas con basura ocasionaron encharcamientos y afectaciones en algunos hogares.<\/p>\n\n\n\n<p>Patricia P\u00e9rez, Directora de Protecci\u00f3n Civil de Escobedo, dijo que la dependencia alist\u00f3 motobombas para utilizarlas en caso de inundaciones a hogares, adem\u00e1s de que se alist\u00f3 el albergue ubicado en la Colonia Fernando Amilpa.<\/p>\n\n\n\n<p>Tambi\u00e9n, elementos de Proxpol apoyaron a conductores en zonas donde se registraron encharcamientos.<br>A alrededor de las 18:00 horas, personal de Servicios P\u00fablicos continuaba trabajando en la limpieza de pluviales y sistema de alcantarillado, retirando todo aquel material o basura que obstruya el paso del agua.<br>Para evitar accidentes se recomienda a la poblaci\u00f3n y automovilistas evitar cruzar arroyos, r\u00edos o vados, ya que las fuertes corrientes representan un riesgo latente.<br>Tambi\u00e9n se exhorta a la poblaci\u00f3n a no tirar basura en la v\u00eda p\u00fablica.<br>Se pide a los automovilistas tomar sus precauciones al conducir, salir con tiempo a sus destinos y atender los llamados que hagan las autoridades.<br>En caso de requerir apoyo, la ciudadan\u00eda puede comunicarse a las l\u00edneas de Protecci\u00f3n Civil Escobedo 81.8397.2911 y el 911, as\u00ed como al 81.8286. 9200 de la Secretar\u00eda de Seguridad Ciudadana.<\/p>\n","protected":false},"excerpt":{"rendered":"<p>Ante el pron\u00f3stico de intensas lluvias en el Estado, el Municipio de Escobedo realiz\u00f3 trabajos preventivos para prevenir afectaciones en la Ciudad.A trav\u00e9s de redes sociales, el Alcalde Andr\u00e9s Mijes inform\u00f3 que el personal de las diferentes dependencias municipales evaluaron la implementaci\u00f3n del \u201cOperativo Acuario\u201d para prevenir afectaciones a la poblaci\u00f3n en las zonas de [&hellip;]<\/p>\n","protected":false},"author":1,"featured_media":107128,"comment_status":"open","ping_status":"open","sticky":true,"template":"","format":"standard","meta":{"footnotes":""},"categories":[6,3],"tags":[],"_links":{"self":[{"href":"https:\/\/diariodigitalmx.com\/index.php\/wp-json\/wp\/v2\/posts\/107126"}],"collection":[{"href":"https:\/\/diariodigitalmx.com\/index.php\/wp-json\/wp\/v2\/posts"}],"about":[{"href":"https:\/\/diariodigitalmx.com\/index.php\/wp-json\/wp\/v2\/types\/post"}],"author":[{"embeddable":true,"href":"https:\/\/diariodigitalmx.com\/index.php\/wp-json\/wp\/v2\/users\/1"}],"replies":[{"embeddable":true,"href":"https:\/\/diariodigitalmx.com\/index.php\/wp-json\/wp\/v2\/comments?post=107126"}],"version-history":[{"count":5,"href":"https:\/\/diariodigitalmx.com\/index.php\/wp-json\/wp\/v2\/posts\/107126\/revisions"}],"predecessor-version":[{"id":107138,"href":"https:\/\/diariodigitalmx.com\/index.php\/wp-json\/wp\/v2\/posts\/107126\/revisions\/107138"}],"wp:featuredmedia":[{"embeddable":true,"href":"https:\/\/diariodigitalmx.com\/index.php\/wp-json\/wp\/v2\/media\/107128"}],"wp:attachment":[{"href":"https:\/\/diariodigitalmx.com\/index.php\/wp-json\/wp\/v2\/media?parent=107126"}],"wp:term":[{"taxonomy":"category","embeddable":true,"href":"https:\/\/diariodigitalmx.com\/index.php\/wp-json\/wp\/v2\/categories?post=107126"},{"taxonomy":"post_tag","embeddable":true,"href":"https:\/\/diariodigitalmx.com\/index.php\/wp-json\/wp\/v2\/tags?post=107126"}],"curies":[{"name":"wp","href":"https:\/\/api.w.org\/{rel}","templated":true}]}}