{"id":107139,"date":"2023-10-05T23:06:15","date_gmt":"2023-10-06T04:06:15","guid":{"rendered":"http:\/\/diariodigitalmx.com\/?p=107139"},"modified":"2023-10-05T23:08:15","modified_gmt":"2023-10-06T04:08:15","slug":"descarta-telsa-irse-a-texas-se-queda-en-nl","status":"publish","type":"post","link":"https:\/\/diariodigitalmx.com\/index.php\/2023\/10\/05\/descarta-telsa-irse-a-texas-se-queda-en-nl\/","title":{"rendered":"Descarta Telsa irse a Texas; se queda en NL"},"content":{"rendered":"\n<p>Monterrey.- El director de Pol\u00edticas P\u00fablicas y Desarrollo Empresarial de Tesla, Rohan Patel, confirm\u00f3 que siguen los planes de instalar la gigafabrica para construir autos el\u00e9ctricos en el municipio de Santa Catarina, Nuevo Le\u00f3n.<\/p>\n\n\n\n<p>Patel calific\u00f3 de falsa noticia la informaci\u00f3n de que se cancelar\u00eda la obra de la empresa en Nuevo Le\u00f3n y abund\u00f3 que Telsa trabaja con los gobiernos federal, local y estatal para avanzar en los proyectos.<\/p>\n\n\n\n<p>&#8220;Estamos construyendo Gigaf\u00e1bricas en pr\u00e1cticamente todos los pa\u00edses de Asia y Europa y, al mismo tiempo, cancelamos f\u00e1bricas que ya hemos anunciado. Es un cebo de clics de tonter\u00edas y debe ignorarse. Este art\u00edculo es uno de muchos que he visto que comenta de manera incorrecta y aleatoria sobre nuestros planes en M\u00e9xico. Continuaremos avanzando con los gobiernos locales, estatales y federales y apreciamos mucho sus esfuerzos para habilitar los permisos y la infraestructura sostenible necesarios&#8221;, aclar\u00f3 Patel en la red social X.<\/p>\n\n\n\n<p>\u201cEs un cebo de clics, de tonter\u00edas y debe ignorarse\u201d, public\u00f3.<\/p>\n\n\n\n<p>Por su parte, el gobernador de Nuevo Le\u00f3n, Samuel Garc\u00eda Sep\u00falveda, confirm\u00f3 que la gigaplanta de Telsa s\u00ed viene a la entidad.<\/p>\n\n\n\n<p>&#8220;Tranquilos, Tesla s\u00ed va. Todo marcha muy bien y conforme a lo planeado&#8221;, escribi\u00f3 en sus redes sociales.<\/p>\n\n\n\n<p>&#8220;El gobierno del Nuevo Nuevo Le\u00f3n trabaja incansablemente de la mano de Tesla para cumplir con los compromisos de infraestructura que requiere la Gigafactory&#8221;.<\/p>\n\n\n\n<p>&#8220;Tendremos a Tesla en Nuevo Le\u00f3n y en M\u00e9xico&#8221;, reafirm\u00f3.<\/p>\n","protected":false},"excerpt":{"rendered":"<p>Monterrey.- El director de Pol\u00edticas P\u00fablicas y Desarrollo Empresarial de Tesla, Rohan Patel, confirm\u00f3 que siguen los planes de instalar la gigafabrica para construir autos el\u00e9ctricos en el municipio de Santa Catarina, Nuevo Le\u00f3n. Patel calific\u00f3 de falsa noticia la informaci\u00f3n de que se cancelar\u00eda la obra de la empresa en Nuevo Le\u00f3n y abund\u00f3 [&hellip;]<\/p>\n","protected":false},"author":1,"featured_media":107141,"comment_status":"open","ping_status":"open","sticky":true,"template":"","format":"standard","meta":{"footnotes":""},"categories":[2,3],"tags":[],"_links":{"self":[{"href":"https:\/\/diariodigitalmx.com\/index.php\/wp-json\/wp\/v2\/posts\/107139"}],"collection":[{"href":"https:\/\/diariodigitalmx.com\/index.php\/wp-json\/wp\/v2\/posts"}],"about":[{"href":"https:\/\/diariodigitalmx.com\/index.php\/wp-json\/wp\/v2\/types\/post"}],"author":[{"embeddable":true,"href":"https:\/\/diariodigitalmx.com\/index.php\/wp-json\/wp\/v2\/users\/1"}],"replies":[{"embeddable":true,"href":"https:\/\/diariodigitalmx.com\/index.php\/wp-json\/wp\/v2\/comments?post=107139"}],"version-history":[{"count":1,"href":"https:\/\/diariodigitalmx.com\/index.php\/wp-json\/wp\/v2\/posts\/107139\/revisions"}],"predecessor-version":[{"id":107140,"href":"https:\/\/diariodigitalmx.com\/index.php\/wp-json\/wp\/v2\/posts\/107139\/revisions\/107140"}],"wp:featuredmedia":[{"embeddable":true,"href":"https:\/\/diariodigitalmx.com\/index.php\/wp-json\/wp\/v2\/media\/107141"}],"wp:attachment":[{"href":"https:\/\/diariodigitalmx.com\/index.php\/wp-json\/wp\/v2\/media?parent=107139"}],"wp:term":[{"taxonomy":"category","embeddable":true,"href":"https:\/\/diariodigitalmx.com\/index.php\/wp-json\/wp\/v2\/categories?post=107139"},{"taxonomy":"post_tag","embeddable":true,"href":"https:\/\/diariodigitalmx.com\/index.php\/wp-json\/wp\/v2\/tags?post=107139"}],"curies":[{"name":"wp","href":"https:\/\/api.w.org\/{rel}","templated":true}]}}