{"id":107147,"date":"2023-10-06T01:02:26","date_gmt":"2023-10-06T06:02:26","guid":{"rendered":"http:\/\/diariodigitalmx.com\/?p=107147"},"modified":"2023-10-06T01:03:03","modified_gmt":"2023-10-06T06:03:03","slug":"los-cerros-tradicionales","status":"publish","type":"post","link":"https:\/\/diariodigitalmx.com\/index.php\/2023\/10\/06\/los-cerros-tradicionales\/","title":{"rendered":"Los cerros tradicionales"},"content":{"rendered":"\n<p><br>Gerson G\u00f3mez Salas<br>Acusamos de recibo por la naturaleza. Nuestros barrios env\u00edan a los vertederos monta\u00f1as de desperdicios. Sin clasificar. Sin separar. Al troche y moche. Al ah\u00ed se va. Los camiones navegan entre las venas sucias de las colonias.<br>En las exclusivas zonas residenciales. Muros de piedra. Contenedores elegantes. Los mozos de las casas. Ya llevan la consigna de no hablar con los recolectores. En el silencio de la militancia empresarial, ni siquiera el sonido de la campana.<br>Se sigue el guion escrito para los beneficiarios. Igual desechan lo org\u00e1nico con lo no perecedero. El chiste es llevarse todo.<br>De ah\u00ed en delante el caos. El repiqueteo de las culturas populares. Cooperaci\u00f3n voluntaria. Fruta pasada apenas comestible. Ropa a punto de volverse transparencia. Descomposturas en los aparatos caros.<br>Todo se lleva el servicio. Latas de cerveza, cristales quebrados, papeles de ba\u00f1o con desechos humanos. Arom\u00e1tica. Despreciable. La basura refleja el contenido social de sus habitantes.<br>Al llegar a las bandas de separaci\u00f3n, el capital humano recibe, separa y descubre peque\u00f1as reliquias innombrables.<br>Fetos con gestaci\u00f3n final. Miembros amputados. Cad\u00e1veres sin cabeza. Agujas con sangre de dudosa procedencia o con restos de estupefacientes.<br>En las calles de entrada a los vertederos, las nubes de polvo, moscas y gente de bien, a punto de recibir el nuevo cargamento, beben el refresco desechable.<br>A media cuadra, por los andadores de nuestro barrio, qued\u00f3 pendiente, despu\u00e9s de comprimir y filtrar los jugos t\u00f3xicos de los vecinos, el zapato sin par, la media corrida y rasgada. La caja de cart\u00f3n vac\u00eda de la pizzer\u00eda m\u00e1s popular y econ\u00f3mica. Ya las hormigas llevan en sus lomos las orillas del pan.<br>Otro cerro m\u00e1s, de la monta\u00f1a artificial, de las porquer\u00edas humanas.<\/p>\n","protected":false},"excerpt":{"rendered":"<p>Gerson G\u00f3mez SalasAcusamos de recibo por la naturaleza. Nuestros barrios env\u00edan a los vertederos monta\u00f1as de desperdicios. Sin clasificar. Sin separar. Al troche y moche. Al ah\u00ed se va. Los camiones navegan entre las venas sucias de las colonias.En las exclusivas zonas residenciales. Muros de piedra. Contenedores elegantes. Los mozos de las casas. Ya llevan [&hellip;]<\/p>\n","protected":false},"author":1,"featured_media":107149,"comment_status":"open","ping_status":"open","sticky":true,"template":"","format":"standard","meta":{"footnotes":""},"categories":[14,12],"tags":[],"_links":{"self":[{"href":"https:\/\/diariodigitalmx.com\/index.php\/wp-json\/wp\/v2\/posts\/107147"}],"collection":[{"href":"https:\/\/diariodigitalmx.com\/index.php\/wp-json\/wp\/v2\/posts"}],"about":[{"href":"https:\/\/diariodigitalmx.com\/index.php\/wp-json\/wp\/v2\/types\/post"}],"author":[{"embeddable":true,"href":"https:\/\/diariodigitalmx.com\/index.php\/wp-json\/wp\/v2\/users\/1"}],"replies":[{"embeddable":true,"href":"https:\/\/diariodigitalmx.com\/index.php\/wp-json\/wp\/v2\/comments?post=107147"}],"version-history":[{"count":1,"href":"https:\/\/diariodigitalmx.com\/index.php\/wp-json\/wp\/v2\/posts\/107147\/revisions"}],"predecessor-version":[{"id":107148,"href":"https:\/\/diariodigitalmx.com\/index.php\/wp-json\/wp\/v2\/posts\/107147\/revisions\/107148"}],"wp:featuredmedia":[{"embeddable":true,"href":"https:\/\/diariodigitalmx.com\/index.php\/wp-json\/wp\/v2\/media\/107149"}],"wp:attachment":[{"href":"https:\/\/diariodigitalmx.com\/index.php\/wp-json\/wp\/v2\/media?parent=107147"}],"wp:term":[{"taxonomy":"category","embeddable":true,"href":"https:\/\/diariodigitalmx.com\/index.php\/wp-json\/wp\/v2\/categories?post=107147"},{"taxonomy":"post_tag","embeddable":true,"href":"https:\/\/diariodigitalmx.com\/index.php\/wp-json\/wp\/v2\/tags?post=107147"}],"curies":[{"name":"wp","href":"https:\/\/api.w.org\/{rel}","templated":true}]}}