{"id":107250,"date":"2023-10-09T01:10:49","date_gmt":"2023-10-09T06:10:49","guid":{"rendered":"http:\/\/diariodigitalmx.com\/?p=107250"},"modified":"2023-10-09T01:14:42","modified_gmt":"2023-10-09T06:14:42","slug":"libros-de-la-semana-4","status":"publish","type":"post","link":"https:\/\/diariodigitalmx.com\/index.php\/2023\/10\/09\/libros-de-la-semana-4\/","title":{"rendered":"Libros de la semana"},"content":{"rendered":"\n<p>Gerson G\u00f3mez Salas <\/p>\n\n\n\n<p><strong>La orquesta imaginaria de Rodrigo D\u00edaz Cortez<\/strong><\/p>\n\n\n\n<p>Minina escapa de un centro de menores gracias a la ayuda de Sinestesia, una muchacha de pelo azul con un 38 que escupe aceitunas de plomo. Busca a su familia desahuciada y a su padre, un estibador sindicalista y m\u00fasico aficionado que ahora sopla una tuba de cart\u00f3n, enajenado por las descargas el\u00e9ctricas de la tortura. Pero no parece sencillo entre los gases lacrim\u00f3genos y las tanquetas hidrantes de los carabineros. El escenario de un estallido en el que las j\u00f3venes cabalgan, como las valkirias de Wagner. Y en esa partitura alucinada el Astronauta, un hombre de andares lunares con un volante en las manos, juega un rol esencial: conduce en su autob\u00fas a los fantasmas, quiz\u00e1 las v\u00edctimas de la violencia pol\u00edtica y la marginaci\u00f3n, hacia un destino mejor. Con esos acordes de sue\u00f1o y realidad, ternura y ferocidad, Rodrigo D\u00edaz Cortez compone la m\u00fasica de un relato demoledor. La verdadera banda sonora de la revuelta chilena de 2019.<\/p>\n\n\n\n<figure class=\"wp-block-image size-full\"><img loading=\"lazy\" decoding=\"async\" width=\"505\" height=\"808\" src=\"http:\/\/diariodigitalmx.com\/wp-content\/uploads\/2023\/10\/978841823641-1.jpg\" alt=\"\" class=\"wp-image-107254\" srcset=\"https:\/\/diariodigitalmx.com\/wp-content\/uploads\/2023\/10\/978841823641-1.jpg 505w, https:\/\/diariodigitalmx.com\/wp-content\/uploads\/2023\/10\/978841823641-1-188x300.jpg 188w\" sizes=\"(max-width: 505px) 100vw, 505px\" \/><\/figure>\n\n\n\n<p><strong>El mal cautivo de Maurizio Torchio<\/strong><\/p>\n\n\n\n<p>\u00abEl mal cautivo\u00bb se trata de una suerte de diario sublimado de una cadena perpetua que narra la vida en prisi\u00f3n y los eventos que llevaron al narrador a la c\u00e1rcel y a una situaci\u00f3n l\u00edmite del mundo y de su propia existencia. Una historia desgarradora contada desde el interior m\u00e1s oscuro e impenetrable, desde la vida o no vida de la prisi\u00f3n y su din\u00e1mica m\u00e1s ancestral, donde las jerarqu\u00edas imperan en las geograf\u00edas internas de este mundo aparte, donde los pisos y corredores representan territorios con su propia legislaci\u00f3n.<\/p>\n\n\n\n<p>Una novela existencial en cuyo centro sit\u00faa Torchio de manera magistral la l\u00f3gica del encarcelamiento. Una l\u00f3gica que involucra y somete a prisioneros, carceleros y a las familias de los internos.<\/p>\n\n\n\n<figure class=\"wp-block-image size-full\"><img loading=\"lazy\" decoding=\"async\" width=\"640\" height=\"1024\" src=\"http:\/\/diariodigitalmx.com\/wp-content\/uploads\/2023\/10\/9788418546013.jpg\" alt=\"\" class=\"wp-image-107256\" srcset=\"https:\/\/diariodigitalmx.com\/wp-content\/uploads\/2023\/10\/9788418546013.jpg 640w, https:\/\/diariodigitalmx.com\/wp-content\/uploads\/2023\/10\/9788418546013-188x300.jpg 188w\" sizes=\"(max-width: 640px) 100vw, 640px\" \/><\/figure>\n\n\n\n<p><strong>Pasaje al acto de Virgina Cosin<\/strong><\/p>\n\n\n\n<p>La protagonista de esta novela est\u00e1 temporalmente internada en un psiqui\u00e1trico. De los m\u00faltiples ojos que la observan, durante ese tiempo medicalizado y suspendido entre cuatro paredes, los m\u00e1s filosos son los suyos. Mientras repasa su incapacidad para actuar relee de principio a fin &#8220;Madame Bovary&#8221; hasta establecer con el personaje de Flaubert una relaci\u00f3n que va m\u00e1s all\u00e1 de cierta inclinaci\u00f3n por la fantas\u00eda y la muerte.<\/p>\n\n\n\n<p>Entre las im\u00e1genes que dibujan su encierro, una de ellas es la de la excavaci\u00f3n. Como un preso en una c\u00e1rcel de m\u00e1xima seguridad, que raspa el piso duro con una cuchara. Pero ad\u00f3nde lleva ese pozo, ese cavar dentro de su cabeza, o qu\u00e9 es lo que hay del otro lado del t\u00fanel, es lo que intentar\u00e1 descubrir durante este viaje inm\u00f3vil.<\/p>\n\n\n\n<figure class=\"wp-block-image size-large\"><img loading=\"lazy\" decoding=\"async\" width=\"639\" height=\"1024\" src=\"http:\/\/diariodigitalmx.com\/wp-content\/uploads\/2023\/10\/9788418236174-2-750x1201-1-639x1024.jpg\" alt=\"\" class=\"wp-image-107258\" srcset=\"https:\/\/diariodigitalmx.com\/wp-content\/uploads\/2023\/10\/9788418236174-2-750x1201-1-639x1024.jpg 639w, https:\/\/diariodigitalmx.com\/wp-content\/uploads\/2023\/10\/9788418236174-2-750x1201-1-187x300.jpg 187w, https:\/\/diariodigitalmx.com\/wp-content\/uploads\/2023\/10\/9788418236174-2-750x1201-1.jpg 750w\" sizes=\"(max-width: 639px) 100vw, 639px\" \/><\/figure>\n\n\n\n<p><strong>Imitaci\u00f3n del hombre de Ferran Toutain<\/strong><\/p>\n\n\n\n<p>Todo cuanto constituye la personalidad de un hombre proviene de la imitaci\u00f3n de otros hombres: sus convicciones, sus anhelos, sus gestos. La personalidad puede ser calcada con todos sus atributos, hasta en los detalles m\u00e1s nimios, puede transferirse de un hombre a otro sin variaciones sustanciales, y tambi\u00e9n puede crearse a partir de distintos modelos. Sin embargo, no puede aspirar a la originalidad. Por decirlo con palabras de Gombrowicz, el autor m\u00e1s aludido en el presente ensayo, la autenticidad est\u00e1 fuera del alcance humano.<\/p>\n","protected":false},"excerpt":{"rendered":"<p>Gerson G\u00f3mez Salas La orquesta imaginaria de Rodrigo D\u00edaz Cortez Minina escapa de un centro de menores gracias a la ayuda de Sinestesia, una muchacha de pelo azul con un 38 que escupe aceitunas de plomo. Busca a su familia desahuciada y a su padre, un estibador sindicalista y m\u00fasico aficionado que ahora sopla una [&hellip;]<\/p>\n","protected":false},"author":1,"featured_media":107253,"comment_status":"open","ping_status":"open","sticky":true,"template":"","format":"standard","meta":{"footnotes":""},"categories":[11,14],"tags":[],"_links":{"self":[{"href":"https:\/\/diariodigitalmx.com\/index.php\/wp-json\/wp\/v2\/posts\/107250"}],"collection":[{"href":"https:\/\/diariodigitalmx.com\/index.php\/wp-json\/wp\/v2\/posts"}],"about":[{"href":"https:\/\/diariodigitalmx.com\/index.php\/wp-json\/wp\/v2\/types\/post"}],"author":[{"embeddable":true,"href":"https:\/\/diariodigitalmx.com\/index.php\/wp-json\/wp\/v2\/users\/1"}],"replies":[{"embeddable":true,"href":"https:\/\/diariodigitalmx.com\/index.php\/wp-json\/wp\/v2\/comments?post=107250"}],"version-history":[{"count":5,"href":"https:\/\/diariodigitalmx.com\/index.php\/wp-json\/wp\/v2\/posts\/107250\/revisions"}],"predecessor-version":[{"id":107261,"href":"https:\/\/diariodigitalmx.com\/index.php\/wp-json\/wp\/v2\/posts\/107250\/revisions\/107261"}],"wp:featuredmedia":[{"embeddable":true,"href":"https:\/\/diariodigitalmx.com\/index.php\/wp-json\/wp\/v2\/media\/107253"}],"wp:attachment":[{"href":"https:\/\/diariodigitalmx.com\/index.php\/wp-json\/wp\/v2\/media?parent=107250"}],"wp:term":[{"taxonomy":"category","embeddable":true,"href":"https:\/\/diariodigitalmx.com\/index.php\/wp-json\/wp\/v2\/categories?post=107250"},{"taxonomy":"post_tag","embeddable":true,"href":"https:\/\/diariodigitalmx.com\/index.php\/wp-json\/wp\/v2\/tags?post=107250"}],"curies":[{"name":"wp","href":"https:\/\/api.w.org\/{rel}","templated":true}]}}