{"id":107284,"date":"2023-10-09T18:22:06","date_gmt":"2023-10-09T23:22:06","guid":{"rendered":"http:\/\/diariodigitalmx.com\/?p=107284"},"modified":"2023-10-09T18:22:57","modified_gmt":"2023-10-09T23:22:57","slug":"toda-vida-vale-2","status":"publish","type":"post","link":"https:\/\/diariodigitalmx.com\/index.php\/2023\/10\/09\/toda-vida-vale-2\/","title":{"rendered":"&#8220;TODA VIDA VALE&#8221;"},"content":{"rendered":"\n<p>Hola<br>\u00a1Feliz y bendecido d\u00eda!<\/p>\n\n\n\n<p>Soy Luz Mar\u00eda Ortiz Quintos te quiero invitar a ser parte de la campa\u00f1a \u201cTODA VIDA VALE\u201d<\/p>\n\n\n\n<p>Va dirigida a j\u00f3venes para prevenir el embarazo y tambi\u00e9n para j\u00f3venes que si ya est\u00e1n embarazadas qu\u00e9 pueden hacer.<\/p>\n\n\n\n<p>Hace unos d\u00edas una joven tuvo a su beb\u00e9 en el ba\u00f1o de una escuela y ah\u00ed lo dejo\u2026 lo encontraron muerto.<\/p>\n\n\n\n<p>Esta campa\u00f1a pretende dar a conocer un dec\u00e1logo de acciones para prevenir embarazos en adolescentes y tambi\u00e9n otro dec\u00e1logo de acciones para las ni\u00f1as\/ j\u00f3venes que resultan embarazadas y no saben a qui\u00e9n acudir.<\/p>\n\n\n\n<p>Estoy invitando ciudadanos, organizaciones, empresarios y funcionarios PRO VIDA para lograr una campa\u00f1a social de alcance estatal y logre ser referente nacional.<\/p>\n\n\n\n<p>Te invitamos al lanzamiento y presentaci\u00f3n de la campa\u00f1a<br>\u201cTODA VIDA VALE \u201c<\/p>\n\n\n\n<p>Campa\u00f1a de prevenci\u00f3n y contenci\u00f3n de Embarazos No deseados en Adolescentes en Nuevo Le\u00f3n.<\/p>\n\n\n\n<p>El embarazo precoz, tambi\u00e9n denominado embarazo adolescente, es aquel que se produce cuando una mujer se encuentra en su etapa de pubertad (entre los 10 y los 19 a\u00f1os, seg\u00fan la Organizaci\u00f3n Mundial de la Salud)<\/p>\n\n\n\n<p>embarazo en adolescentes \u00bfestas embarazada, qu\u00e9 puedes hacer?<br>prevenci\u00f3n, l\u00edneas de acci\u00f3n contenci\u00f3n, l\u00edneas de acci\u00f3n<\/p>\n\n\n\n<p>D\u00eda: mi\u00e9rcoles 11 de octubre<br>Hora: 1:00pm<br>Lugar: Auditorio del Campus Mederos Av. L\u00e1zaro C\u00e1rdenas Ote. 4600 Col. Las Torres CIETT UANL<br>Ubicado en UANL Mederos en el Centro de Incubaci\u00f3n de Empresas y Transferencia de Tecnolog\u00eda de la Universidad Aut\u00f3noma de Nuevo Le\u00f3n.<\/p>\n\n\n\n<p>\u00a1Te esperamos!<\/p>\n","protected":false},"excerpt":{"rendered":"<p>Hola\u00a1Feliz y bendecido d\u00eda! Soy Luz Mar\u00eda Ortiz Quintos te quiero invitar a ser parte de la campa\u00f1a \u201cTODA VIDA VALE\u201d Va dirigida a j\u00f3venes para prevenir el embarazo y tambi\u00e9n para j\u00f3venes que si ya est\u00e1n embarazadas qu\u00e9 pueden hacer. Hace unos d\u00edas una joven tuvo a su beb\u00e9 en el ba\u00f1o de una [&hellip;]<\/p>\n","protected":false},"author":1,"featured_media":107286,"comment_status":"open","ping_status":"open","sticky":true,"template":"","format":"standard","meta":{"footnotes":""},"categories":[6,5],"tags":[],"_links":{"self":[{"href":"https:\/\/diariodigitalmx.com\/index.php\/wp-json\/wp\/v2\/posts\/107284"}],"collection":[{"href":"https:\/\/diariodigitalmx.com\/index.php\/wp-json\/wp\/v2\/posts"}],"about":[{"href":"https:\/\/diariodigitalmx.com\/index.php\/wp-json\/wp\/v2\/types\/post"}],"author":[{"embeddable":true,"href":"https:\/\/diariodigitalmx.com\/index.php\/wp-json\/wp\/v2\/users\/1"}],"replies":[{"embeddable":true,"href":"https:\/\/diariodigitalmx.com\/index.php\/wp-json\/wp\/v2\/comments?post=107284"}],"version-history":[{"count":1,"href":"https:\/\/diariodigitalmx.com\/index.php\/wp-json\/wp\/v2\/posts\/107284\/revisions"}],"predecessor-version":[{"id":107285,"href":"https:\/\/diariodigitalmx.com\/index.php\/wp-json\/wp\/v2\/posts\/107284\/revisions\/107285"}],"wp:featuredmedia":[{"embeddable":true,"href":"https:\/\/diariodigitalmx.com\/index.php\/wp-json\/wp\/v2\/media\/107286"}],"wp:attachment":[{"href":"https:\/\/diariodigitalmx.com\/index.php\/wp-json\/wp\/v2\/media?parent=107284"}],"wp:term":[{"taxonomy":"category","embeddable":true,"href":"https:\/\/diariodigitalmx.com\/index.php\/wp-json\/wp\/v2\/categories?post=107284"},{"taxonomy":"post_tag","embeddable":true,"href":"https:\/\/diariodigitalmx.com\/index.php\/wp-json\/wp\/v2\/tags?post=107284"}],"curies":[{"name":"wp","href":"https:\/\/api.w.org\/{rel}","templated":true}]}}