{"id":10732,"date":"2019-08-27T08:12:30","date_gmt":"2019-08-27T13:12:30","guid":{"rendered":"http:\/\/diariodigitalmx.com\/?p=10732"},"modified":"2019-08-27T08:13:10","modified_gmt":"2019-08-27T13:13:10","slug":"conforma-escobedo-consejo-para-la-preservacion-patrimonial","status":"publish","type":"post","link":"https:\/\/diariodigitalmx.com\/index.php\/2019\/08\/27\/conforma-escobedo-consejo-para-la-preservacion-patrimonial\/","title":{"rendered":"Conforma Escobedo, Consejo para la Preservaci\u00f3n Patrimonial"},"content":{"rendered":"\n<p><br><\/p>\n\n\n\n<p>Para integrar un cat\u00e1logo del patrimonio cultural, hist\u00f3rico y natural de Escobedo, la Alcaldesa Clara Luz Flores Carrales, en sesi\u00f3n de Cabildo, tom\u00f3 protesta al Consejo para la Preservaci\u00f3n, Restauraci\u00f3n y Difusi\u00f3n del Patrimonio Municipal.&nbsp;<br><\/p>\n\n\n\n<p>Integrado por el cronista Emilio Machuca, el historiador Juan Ram\u00f3n Garza y otros escobedenses sobresalientes, el Consejo tendr\u00e1 como tareas la de fomentar la riqueza del municipio, contemplar la creaci\u00f3n de una ruta tur\u00edstica del patrimonio y coadyuvar con el Ayuntamiento en la toma de decisiones en la materia.<br><\/p>\n\n\n\n<p>Flores Carrales destac\u00f3 el perfil de los consejeros por ser ciudadanos que han trabajado en beneficio de Escobedo.<br><\/p>\n\n\n\n<p>\u201cEste Consejo est\u00e1 formado por personas que quieren y que han trabajado honor\u00edficamente por el municipio\u201d, dijo la Edil.<br><\/p>\n\n\n\n<p>\u201cHan trabajado por los ciudadanos solo y exclusivamente con la intenci\u00f3n de servir, de que Escobedo sea mejor cada vez\u201d.\u00a0<\/p>\n\n\n\n<p><br><\/p>\n\n\n\n<figure class=\"wp-block-image\"><img loading=\"lazy\" decoding=\"async\" width=\"1024\" height=\"683\" src=\"http:\/\/diariodigitalmx.com\/wp-content\/uploads\/2019\/08\/IMG_1694-1024x683.jpg\" alt=\"\" class=\"wp-image-10737\" srcset=\"https:\/\/diariodigitalmx.com\/wp-content\/uploads\/2019\/08\/IMG_1694-1024x683.jpg 1024w, https:\/\/diariodigitalmx.com\/wp-content\/uploads\/2019\/08\/IMG_1694-300x200.jpg 300w, https:\/\/diariodigitalmx.com\/wp-content\/uploads\/2019\/08\/IMG_1694-768x512.jpg 768w\" sizes=\"(max-width: 1024px) 100vw, 1024px\" \/><\/figure>\n\n\n\n<p>En el Consejo tambi\u00e9n participan Mar\u00eda del Refugio Sosa, presidenta de la mesa directiva de \u201cLos Cavacitos\u201d; Concepci\u00f3n Rodr\u00edguez, miembro del gabinete multisectorial para la Prevenci\u00f3n Social del Municipio, y Yolanda Mar\u00edn Montes de Oca, directora de la Secundaria \u201cDonato Elizondo Ayala\u201d.<br><\/p>\n\n\n\n<p>Adem\u00e1s, el maestro Rub\u00e9n Jes\u00fas Valle; Adri\u00e1n Leonardo Ferri\u00f1o, subdirector de Vinculaci\u00f3n en el Instituto de Ingenier\u00eda Civil de la Facultad de Ingenier\u00eda Civil de la UANL; Mar\u00eda de los \u00c1ngeles Torres, directora del Centro de Bachillerato Tecnol\u00f3gico Agropecuario No. 250; el ingeniero Guillermo Clark y el m\u00fasico David Espinosa.&nbsp;<\/p>\n","protected":false},"excerpt":{"rendered":"<p>Para integrar un cat\u00e1logo del patrimonio cultural, hist\u00f3rico y natural de Escobedo, la Alcaldesa Clara Luz Flores Carrales, en sesi\u00f3n de Cabildo, tom\u00f3 protesta al Consejo para la Preservaci\u00f3n, Restauraci\u00f3n y Difusi\u00f3n del Patrimonio Municipal.&nbsp; Integrado por el cronista Emilio Machuca, el historiador Juan Ram\u00f3n Garza y otros escobedenses sobresalientes, el Consejo tendr\u00e1 como tareas [&hellip;]<\/p>\n","protected":false},"author":1,"featured_media":10735,"comment_status":"open","ping_status":"open","sticky":true,"template":"","format":"standard","meta":{"footnotes":""},"categories":[6],"tags":[],"_links":{"self":[{"href":"https:\/\/diariodigitalmx.com\/index.php\/wp-json\/wp\/v2\/posts\/10732"}],"collection":[{"href":"https:\/\/diariodigitalmx.com\/index.php\/wp-json\/wp\/v2\/posts"}],"about":[{"href":"https:\/\/diariodigitalmx.com\/index.php\/wp-json\/wp\/v2\/types\/post"}],"author":[{"embeddable":true,"href":"https:\/\/diariodigitalmx.com\/index.php\/wp-json\/wp\/v2\/users\/1"}],"replies":[{"embeddable":true,"href":"https:\/\/diariodigitalmx.com\/index.php\/wp-json\/wp\/v2\/comments?post=10732"}],"version-history":[{"count":3,"href":"https:\/\/diariodigitalmx.com\/index.php\/wp-json\/wp\/v2\/posts\/10732\/revisions"}],"predecessor-version":[{"id":10738,"href":"https:\/\/diariodigitalmx.com\/index.php\/wp-json\/wp\/v2\/posts\/10732\/revisions\/10738"}],"wp:featuredmedia":[{"embeddable":true,"href":"https:\/\/diariodigitalmx.com\/index.php\/wp-json\/wp\/v2\/media\/10735"}],"wp:attachment":[{"href":"https:\/\/diariodigitalmx.com\/index.php\/wp-json\/wp\/v2\/media?parent=10732"}],"wp:term":[{"taxonomy":"category","embeddable":true,"href":"https:\/\/diariodigitalmx.com\/index.php\/wp-json\/wp\/v2\/categories?post=10732"},{"taxonomy":"post_tag","embeddable":true,"href":"https:\/\/diariodigitalmx.com\/index.php\/wp-json\/wp\/v2\/tags?post=10732"}],"curies":[{"name":"wp","href":"https:\/\/api.w.org\/{rel}","templated":true}]}}