{"id":107441,"date":"2023-10-11T21:43:16","date_gmt":"2023-10-12T02:43:16","guid":{"rendered":"http:\/\/diariodigitalmx.com\/?p=107441"},"modified":"2023-10-11T21:44:58","modified_gmt":"2023-10-12T02:44:58","slug":"designan-nuevo-director-del-hospital-tierra-y-libertad","status":"publish","type":"post","link":"https:\/\/diariodigitalmx.com\/index.php\/2023\/10\/11\/designan-nuevo-director-del-hospital-tierra-y-libertad\/","title":{"rendered":"Designan nuevo director del Hospital Tierra y Libertad"},"content":{"rendered":"\n<p>Monterrey.- Con un en\u00e9rgico llamado al Gobierno del Estado para equipar el Hospital Tierra y Libertad y atender la salud de m\u00e1s de 500 mil habitantes del norponiente de Monterrey, fue designado hoy como director del nosocomio el doctor Joel C\u00e1zares Rangel.<\/p>\n\n\n\n<p>El llamado de la maestra Lupita Rodr\u00edguez Mart\u00ednez, gestora e impulsora del Hospital, recibi\u00f3 el respaldo del personal m\u00e9dico reunido en el estacionamiento, as\u00ed como de cientos de colonos adheridos al Frente Popular \u201cTierra y Libertad\u201d y de estudiantes de la Preparatoria y de la Universidad Emiliano Zapata (UNEZ).<\/p>\n\n\n\n<p>Adem\u00e1s de los diputados locales Anyl\u00fa Bendici\u00f3n y Waldo Fern\u00e1ndez de Morena y Ra\u00fal Salinas del Verde, que junto con el Partido del Trabajo integran la coalici\u00f3n Juntos Hacemos Historia.<\/p>\n\n\n\n<p>Tras el nombramiento del nuevo director, pidi\u00f3 a la secretaria estatal de Salud, Alma Rosa Marroqu\u00edn Escamilla, llenar el Hospital no nada m\u00e1s de promesas, sino de los insumos para brindar medicamentos y atenci\u00f3n m\u00e9dica a quien la necesite.<\/p>\n\n\n\n<figure class=\"wp-block-image size-full\"><img loading=\"lazy\" decoding=\"async\" width=\"1024\" height=\"768\" src=\"http:\/\/diariodigitalmx.com\/wp-content\/uploads\/2023\/10\/IMG-20231011-WA0167.jpg\" alt=\"\" class=\"wp-image-107445\" srcset=\"https:\/\/diariodigitalmx.com\/wp-content\/uploads\/2023\/10\/IMG-20231011-WA0167.jpg 1024w, https:\/\/diariodigitalmx.com\/wp-content\/uploads\/2023\/10\/IMG-20231011-WA0167-300x225.jpg 300w, https:\/\/diariodigitalmx.com\/wp-content\/uploads\/2023\/10\/IMG-20231011-WA0167-768x576.jpg 768w\" sizes=\"(max-width: 1024px) 100vw, 1024px\" \/><\/figure>\n\n\n\n<p>Ello, sin dejar de reconocerla por privilegiar la salud de la gente ante cualquier otro inter\u00e9s.<\/p>\n\n\n\n<p>Asimismo, reconoci\u00f3 p\u00fablicamente la muestra de madurez y sensibilidad pol\u00edtica del gobernador Samuel Garc\u00eda Sep\u00falveda, al ponerse al lado de la gente y privilegiar el di\u00e1logo y el consenso.<\/p>\n\n\n\n<p>\u201cEl acuerdo es que vamos juntos por la salud de los que menos tienen de las comunidades urbano marginadas\u201d, manifest\u00f3 la dirigente fundadora del Frente Popular \u201cTierra y Libertad\u201d y del Partido del Trabajo.<\/p>\n\n\n\n<figure class=\"wp-block-image size-full\"><img loading=\"lazy\" decoding=\"async\" width=\"960\" height=\"727\" src=\"http:\/\/diariodigitalmx.com\/wp-content\/uploads\/2023\/10\/IMG-20231011-WA0173.jpg\" alt=\"\" class=\"wp-image-107447\" srcset=\"https:\/\/diariodigitalmx.com\/wp-content\/uploads\/2023\/10\/IMG-20231011-WA0173.jpg 960w, https:\/\/diariodigitalmx.com\/wp-content\/uploads\/2023\/10\/IMG-20231011-WA0173-300x227.jpg 300w, https:\/\/diariodigitalmx.com\/wp-content\/uploads\/2023\/10\/IMG-20231011-WA0173-768x582.jpg 768w\" sizes=\"(max-width: 960px) 100vw, 960px\" \/><\/figure>\n\n\n\n<p>Al doctor C\u00e1zares Rangel, quien es m\u00e9dico cirujano pediatra, con formaci\u00f3n acad\u00e9mica en Nuevo Le\u00f3n y en Jap\u00f3n, le solicit\u00f3 seguir el ejemplo del doctor Miguel \u00c1ngel Garza Ibarra, director fundador del Hospital Tierra y Libertad, fallecido el 24 de septiembre.<\/p>\n\n\n\n<p>\u201cLe pedimos aplicar esa sensibilidad y calor humano del doctor Miguel \u00c1ngel, que hizo sentir a todos sus enfermos y hacerles ver que la salud y el coraz\u00f3n van juntos\u201d, expres\u00f3.<\/p>\n\n\n\n<p>Por su parte, la Secretaria de Salud asever\u00f3 que es un orgullo tener el talento del doctor C\u00e1zares Rangel en el Hospital Tierra y Libertad, por ser uno de los 20 cirujanos en el mundo, especialista en el tratamiento de ni\u00f1os con problemas cong\u00e9nitos de las v\u00edas biliares.<\/p>\n\n\n\n<p>El doctor C\u00e1zares Rangel agradeci\u00f3 el poder ser director del Hospital de la comunidad de Tierra y Libertad y seguir el proyecto original del doctor Miguel \u00c1ngel Garza Ibarra.<\/p>\n\n\n\n<p>\u201cVamos a llevarlo a un nuevo rubro en su capacidad para crecer, en obtener licencias, lograr certificaciones y tener la infraestructura hospitalaria para dar la atenci\u00f3n expedita y de calidad humana\u201d, dijo.<\/p>\n","protected":false},"excerpt":{"rendered":"<p>Monterrey.- Con un en\u00e9rgico llamado al Gobierno del Estado para equipar el Hospital Tierra y Libertad y atender la salud de m\u00e1s de 500 mil habitantes del norponiente de Monterrey, fue designado hoy como director del nosocomio el doctor Joel C\u00e1zares Rangel. El llamado de la maestra Lupita Rodr\u00edguez Mart\u00ednez, gestora e impulsora del Hospital, [&hellip;]<\/p>\n","protected":false},"author":1,"featured_media":107443,"comment_status":"open","ping_status":"open","sticky":true,"template":"","format":"standard","meta":{"footnotes":""},"categories":[6,5],"tags":[],"_links":{"self":[{"href":"https:\/\/diariodigitalmx.com\/index.php\/wp-json\/wp\/v2\/posts\/107441"}],"collection":[{"href":"https:\/\/diariodigitalmx.com\/index.php\/wp-json\/wp\/v2\/posts"}],"about":[{"href":"https:\/\/diariodigitalmx.com\/index.php\/wp-json\/wp\/v2\/types\/post"}],"author":[{"embeddable":true,"href":"https:\/\/diariodigitalmx.com\/index.php\/wp-json\/wp\/v2\/users\/1"}],"replies":[{"embeddable":true,"href":"https:\/\/diariodigitalmx.com\/index.php\/wp-json\/wp\/v2\/comments?post=107441"}],"version-history":[{"count":3,"href":"https:\/\/diariodigitalmx.com\/index.php\/wp-json\/wp\/v2\/posts\/107441\/revisions"}],"predecessor-version":[{"id":107448,"href":"https:\/\/diariodigitalmx.com\/index.php\/wp-json\/wp\/v2\/posts\/107441\/revisions\/107448"}],"wp:featuredmedia":[{"embeddable":true,"href":"https:\/\/diariodigitalmx.com\/index.php\/wp-json\/wp\/v2\/media\/107443"}],"wp:attachment":[{"href":"https:\/\/diariodigitalmx.com\/index.php\/wp-json\/wp\/v2\/media?parent=107441"}],"wp:term":[{"taxonomy":"category","embeddable":true,"href":"https:\/\/diariodigitalmx.com\/index.php\/wp-json\/wp\/v2\/categories?post=107441"},{"taxonomy":"post_tag","embeddable":true,"href":"https:\/\/diariodigitalmx.com\/index.php\/wp-json\/wp\/v2\/tags?post=107441"}],"curies":[{"name":"wp","href":"https:\/\/api.w.org\/{rel}","templated":true}]}}