{"id":107452,"date":"2023-10-11T22:12:47","date_gmt":"2023-10-12T03:12:47","guid":{"rendered":"http:\/\/diariodigitalmx.com\/?p=107452"},"modified":"2023-10-11T22:15:47","modified_gmt":"2023-10-12T03:15:47","slug":"impulsan-alfabetizacion-digital-con-aula-movil-nueva-ruta","status":"publish","type":"post","link":"https:\/\/diariodigitalmx.com\/index.php\/2023\/10\/11\/impulsan-alfabetizacion-digital-con-aula-movil-nueva-ruta\/","title":{"rendered":"Impulsan alfabetizaci\u00f3n digital con Aula M\u00f3vil Nueva Ruta"},"content":{"rendered":"\n<p>MONTERREY, NL.- La Secretar\u00eda de Igualdad e Inclusi\u00f3n reconoci\u00f3 a 33 personas que concluyeron sus estudios y cursos de capacitaci\u00f3n dentro del Aula M\u00f3vil, la cual forma parte de \u201cLa Nueva Ruta: Incluir para Ser Iguales\u201d.<\/p>\n\n\n\n<p>Los cursos son producto de una alianza multisectorial con Fundaci\u00f3n Construyendo y Creciendo y AT&amp;T, para combatir el rezago educativo en el que las personas logran regularizar estudios de educaci\u00f3n b\u00e1sica y adem\u00e1s adquieren habilidades tecnol\u00f3gicas que les permitan mayores oportunidades, precis\u00f3 la titular de Igualdad e Inclusi\u00f3n, Martha Herrera, al entregar los certificados a las personas participantes del Centro Comunitario La Alianza, en Monterrey.<\/p>\n\n\n\n<figure class=\"wp-block-image size-large\"><img loading=\"lazy\" decoding=\"async\" width=\"1024\" height=\"706\" src=\"http:\/\/diariodigitalmx.com\/wp-content\/uploads\/2023\/10\/image00004-2-1024x706.jpeg\" alt=\"\" class=\"wp-image-107457\" srcset=\"https:\/\/diariodigitalmx.com\/wp-content\/uploads\/2023\/10\/image00004-2-1024x706.jpeg 1024w, https:\/\/diariodigitalmx.com\/wp-content\/uploads\/2023\/10\/image00004-2-300x207.jpeg 300w, https:\/\/diariodigitalmx.com\/wp-content\/uploads\/2023\/10\/image00004-2-768x529.jpeg 768w, https:\/\/diariodigitalmx.com\/wp-content\/uploads\/2023\/10\/image00004-2.jpeg 1280w\" sizes=\"(max-width: 1024px) 100vw, 1024px\" \/><\/figure>\n\n\n\n<p>La funcionaria destac\u00f3 que los alumnos pueden acceder de manera gratuita a cursos y asesor\u00edas de alfabetizaci\u00f3n y hasta educaci\u00f3n del nivel medio superior, as\u00ed como habilidades digitales y oficios.<\/p>\n\n\n\n<p>\u201cMe han dicho necesitamos cerrar la brecha de desigualdad que hay para que nosotros aqu\u00ed en la Alianza podamos tomar todas las oportunidades que existen y una de esas grandes oportunidades es cerrar la brecha digital. Desde el principio me dijeron quiero aprender, quiero cursos y me da mucho guste ver mujeres y hombres que dijeron que s\u00ed le entro\u201d, coment\u00f3.<\/p>\n\n\n\n<figure class=\"wp-block-image size-full\"><img loading=\"lazy\" decoding=\"async\" width=\"720\" height=\"452\" src=\"http:\/\/diariodigitalmx.com\/wp-content\/uploads\/2023\/10\/Screenshot_20231011-210935_Gallery.jpg\" alt=\"\" class=\"wp-image-107459\" srcset=\"https:\/\/diariodigitalmx.com\/wp-content\/uploads\/2023\/10\/Screenshot_20231011-210935_Gallery.jpg 720w, https:\/\/diariodigitalmx.com\/wp-content\/uploads\/2023\/10\/Screenshot_20231011-210935_Gallery-300x188.jpg 300w\" sizes=\"(max-width: 720px) 100vw, 720px\" \/><\/figure>\n\n\n\n<p>\u201cTenemos desarrollo humano, tenemos otra clase de cursos, computaci\u00f3n b\u00e1sica, intermedia, avanzada y todo lo que se vayan sumando y ahora con las aulas m\u00f3viles de la CMIC con otros talleres y cursos que vamos a sumar\u201d.<\/p>\n\n\n\n<p>Roxana Fabris de Fundaci\u00f3n Construyendo y Creciendo destac\u00f3 que el 71 por ciento de las personas que acuden son mujeres.<\/p>\n\n\n\n<figure class=\"wp-block-image size-large\"><img loading=\"lazy\" decoding=\"async\" width=\"1024\" height=\"682\" src=\"http:\/\/diariodigitalmx.com\/wp-content\/uploads\/2023\/10\/image00009-2-1024x682.jpeg\" alt=\"\" class=\"wp-image-107462\" srcset=\"https:\/\/diariodigitalmx.com\/wp-content\/uploads\/2023\/10\/image00009-2-1024x682.jpeg 1024w, https:\/\/diariodigitalmx.com\/wp-content\/uploads\/2023\/10\/image00009-2-300x200.jpeg 300w, https:\/\/diariodigitalmx.com\/wp-content\/uploads\/2023\/10\/image00009-2-768x512.jpeg 768w, https:\/\/diariodigitalmx.com\/wp-content\/uploads\/2023\/10\/image00009-2.jpeg 1280w\" sizes=\"(max-width: 1024px) 100vw, 1024px\" \/><\/figure>\n\n\n\n<p>\u201cHemos logrado atender a m\u00e1s de 700 personas en las Aulas M\u00f3viles Nueva Ruta con AT&amp;T, m\u00e1s de mil servicios terminados en estas aulas y cerca de 4 mil personas beneficiadas de manera indirecta\u201d, mencion\u00f3.<\/p>\n\n\n\n<p>Durante el evento se realiz\u00f3 la firma de un convenio de colaboraci\u00f3n entre la Secretar\u00eda de Igualdad e Inclusi\u00f3n y la C\u00e1mara Mexicana de la Industria de la Construcci\u00f3n de Nuevo Le\u00f3n para impulsar el desarrollo educativo y laboral, as\u00ed como el comodato de dos Aulas M\u00f3viles.<\/p>\n\n\n\n<figure class=\"wp-block-gallery has-nested-images columns-default is-cropped wp-block-gallery-1 is-layout-flex wp-block-gallery-is-layout-flex\">\n<figure class=\"wp-block-image size-large\"><img loading=\"lazy\" decoding=\"async\" width=\"1024\" height=\"682\" data-id=\"107465\" src=\"http:\/\/diariodigitalmx.com\/wp-content\/uploads\/2023\/10\/image00010-1-1024x682.jpeg\" alt=\"\" class=\"wp-image-107465\" srcset=\"https:\/\/diariodigitalmx.com\/wp-content\/uploads\/2023\/10\/image00010-1-1024x682.jpeg 1024w, https:\/\/diariodigitalmx.com\/wp-content\/uploads\/2023\/10\/image00010-1-300x200.jpeg 300w, https:\/\/diariodigitalmx.com\/wp-content\/uploads\/2023\/10\/image00010-1-768x512.jpeg 768w, https:\/\/diariodigitalmx.com\/wp-content\/uploads\/2023\/10\/image00010-1.jpeg 1280w\" sizes=\"(max-width: 1024px) 100vw, 1024px\" \/><\/figure>\n\n\n\n<figure class=\"wp-block-image size-large\"><img loading=\"lazy\" decoding=\"async\" width=\"1024\" height=\"682\" data-id=\"107464\" src=\"http:\/\/diariodigitalmx.com\/wp-content\/uploads\/2023\/10\/image00006-1-1024x682.jpeg\" alt=\"\" class=\"wp-image-107464\" srcset=\"https:\/\/diariodigitalmx.com\/wp-content\/uploads\/2023\/10\/image00006-1-1024x682.jpeg 1024w, https:\/\/diariodigitalmx.com\/wp-content\/uploads\/2023\/10\/image00006-1-300x200.jpeg 300w, https:\/\/diariodigitalmx.com\/wp-content\/uploads\/2023\/10\/image00006-1-768x512.jpeg 768w, https:\/\/diariodigitalmx.com\/wp-content\/uploads\/2023\/10\/image00006-1.jpeg 1280w\" sizes=\"(max-width: 1024px) 100vw, 1024px\" \/><\/figure>\n\n\n\n<figure class=\"wp-block-image size-large\"><img loading=\"lazy\" decoding=\"async\" width=\"1024\" height=\"682\" data-id=\"107466\" src=\"http:\/\/diariodigitalmx.com\/wp-content\/uploads\/2023\/10\/image00007-1-1024x682.jpeg\" alt=\"\" class=\"wp-image-107466\" srcset=\"https:\/\/diariodigitalmx.com\/wp-content\/uploads\/2023\/10\/image00007-1-1024x682.jpeg 1024w, https:\/\/diariodigitalmx.com\/wp-content\/uploads\/2023\/10\/image00007-1-300x200.jpeg 300w, https:\/\/diariodigitalmx.com\/wp-content\/uploads\/2023\/10\/image00007-1-768x512.jpeg 768w, https:\/\/diariodigitalmx.com\/wp-content\/uploads\/2023\/10\/image00007-1.jpeg 1280w\" sizes=\"(max-width: 1024px) 100vw, 1024px\" \/><\/figure>\n<\/figure>\n\n\n\n<p>\u201cA trav\u00e9s de la firma de este convenio de colaboraci\u00f3n en apoyo para el beneficio social haremos entrega de aulas m\u00f3viles de capacitaci\u00f3n, fomentando y ofreciendo diversos cursos gratuitos\u201d, coment\u00f3 Roberto Mac\u00edas Quintanilla, Presidente de la CMIC Nuevo Le\u00f3n.<\/p>\n\n\n\n<p>El Aula M\u00f3vil-Nueva Ruta, es itinerante y permanece tres meses en las distintas sedes lo que le permite llegar un mayor n\u00famero de poblaci\u00f3n.<\/p>\n\n\n\n<p>A la fecha el momento, el Aula M\u00f3vil de la Nueva Ruta ha otorgado 1081 servicios en cursos de computaci\u00f3n b\u00e1sica, desarrollo humano y salud para adultos y ciudadan\u00eda digital para ni\u00f1as y ni\u00f1os el municipio de Monterrey y Guadalupe.<\/p>\n","protected":false},"excerpt":{"rendered":"<p>MONTERREY, NL.- La Secretar\u00eda de Igualdad e Inclusi\u00f3n reconoci\u00f3 a 33 personas que concluyeron sus estudios y cursos de capacitaci\u00f3n dentro del Aula M\u00f3vil, la cual forma parte de \u201cLa Nueva Ruta: Incluir para Ser Iguales\u201d. Los cursos son producto de una alianza multisectorial con Fundaci\u00f3n Construyendo y Creciendo y AT&amp;T, para combatir el rezago [&hellip;]<\/p>\n","protected":false},"author":1,"featured_media":107454,"comment_status":"open","ping_status":"open","sticky":true,"template":"","format":"standard","meta":{"footnotes":""},"categories":[6,5],"tags":[],"_links":{"self":[{"href":"https:\/\/diariodigitalmx.com\/index.php\/wp-json\/wp\/v2\/posts\/107452"}],"collection":[{"href":"https:\/\/diariodigitalmx.com\/index.php\/wp-json\/wp\/v2\/posts"}],"about":[{"href":"https:\/\/diariodigitalmx.com\/index.php\/wp-json\/wp\/v2\/types\/post"}],"author":[{"embeddable":true,"href":"https:\/\/diariodigitalmx.com\/index.php\/wp-json\/wp\/v2\/users\/1"}],"replies":[{"embeddable":true,"href":"https:\/\/diariodigitalmx.com\/index.php\/wp-json\/wp\/v2\/comments?post=107452"}],"version-history":[{"count":5,"href":"https:\/\/diariodigitalmx.com\/index.php\/wp-json\/wp\/v2\/posts\/107452\/revisions"}],"predecessor-version":[{"id":107467,"href":"https:\/\/diariodigitalmx.com\/index.php\/wp-json\/wp\/v2\/posts\/107452\/revisions\/107467"}],"wp:featuredmedia":[{"embeddable":true,"href":"https:\/\/diariodigitalmx.com\/index.php\/wp-json\/wp\/v2\/media\/107454"}],"wp:attachment":[{"href":"https:\/\/diariodigitalmx.com\/index.php\/wp-json\/wp\/v2\/media?parent=107452"}],"wp:term":[{"taxonomy":"category","embeddable":true,"href":"https:\/\/diariodigitalmx.com\/index.php\/wp-json\/wp\/v2\/categories?post=107452"},{"taxonomy":"post_tag","embeddable":true,"href":"https:\/\/diariodigitalmx.com\/index.php\/wp-json\/wp\/v2\/tags?post=107452"}],"curies":[{"name":"wp","href":"https:\/\/api.w.org\/{rel}","templated":true}]}}