{"id":107617,"date":"2023-10-16T01:08:49","date_gmt":"2023-10-16T06:08:49","guid":{"rendered":"http:\/\/diariodigitalmx.com\/?p=107617"},"modified":"2023-10-16T01:11:52","modified_gmt":"2023-10-16T06:11:52","slug":"los-libros-de-la-semana-3","status":"publish","type":"post","link":"https:\/\/diariodigitalmx.com\/index.php\/2023\/10\/16\/los-libros-de-la-semana-3\/","title":{"rendered":"Los libros de la semana"},"content":{"rendered":"\n<p>Gerson G\u00f3mez Salas <\/p>\n\n\n\n<p><strong>El imperio perdido de Jos\u00e9 Mar\u00eda P\u00e9rez Gay<\/strong><\/p>\n\n\n\n<p>Jos\u00e9 Mar\u00eda P\u00e9rez Gay relata la historia de la ca\u00edda del Imperio austroh\u00fangaro, de sus muchos pueblos, de sus grandes escritores y de sus mejores obras literarias e intelectuales. Mediante las vidas y las letras de cinco grandes escritores vieneses Hermann Broch, Robert Musil, Karl Kraus, Joseph Roth y El\u00edas Canetti, la obra transporta al lector a la Viena de las primeras d\u00e9cadas del siglo XX, una \u00e9poca de cambios radicales y guerras desoladoras que inspiraron a estos literatos a retratar agudamente la realidad y al mismo tiempo ofrecer un refugio de ella a trav\u00e9s de sus plumas; como toda literatura debe ser: un resguardo de la existencia abrumadora.<\/p>\n\n\n\n<figure class=\"wp-block-image size-full\"><img loading=\"lazy\" decoding=\"async\" width=\"255\" height=\"396\" src=\"http:\/\/diariodigitalmx.com\/wp-content\/uploads\/2023\/10\/FM11595.jpg\" alt=\"\" class=\"wp-image-107620\" srcset=\"https:\/\/diariodigitalmx.com\/wp-content\/uploads\/2023\/10\/FM11595.jpg 255w, https:\/\/diariodigitalmx.com\/wp-content\/uploads\/2023\/10\/FM11595-193x300.jpg 193w\" sizes=\"(max-width: 255px) 100vw, 255px\" \/><\/figure>\n\n\n\n<p><strong>Joana. Edici\u00f3n biling\u00fce castellano \u2013 catal\u00e1n de Joan Margarit<\/strong><\/p>\n\n\n\n<p>Joana (2002) es el libro en el que Joan Margarit dej\u00f3 testimonio de los \u00faltimos d\u00edas de la vida y de la muerte de su hija Joana en el a\u00f1o 2001. La grave discapacidad con la que naci\u00f3 y su dependencia durante a\u00f1os de la madre y el padre supuso una experiencia decisiva capaz de transformar los sentimientos y las razones del existir. Esta experiencia poco a poco fue marcando los pasos de un amor, una convivencia, una complicidad y una obra po\u00e9tica: en palabras de Luis Garc\u00eda Montero.<\/p>\n\n\n\n<figure class=\"wp-block-image size-full\"><img loading=\"lazy\" decoding=\"async\" width=\"214\" height=\"321\" src=\"http:\/\/diariodigitalmx.com\/wp-content\/uploads\/2023\/10\/FM2381.jpg\" alt=\"\" class=\"wp-image-107623\" srcset=\"https:\/\/diariodigitalmx.com\/wp-content\/uploads\/2023\/10\/FM2381.jpg 214w, https:\/\/diariodigitalmx.com\/wp-content\/uploads\/2023\/10\/FM2381-200x300.jpg 200w\" sizes=\"(max-width: 214px) 100vw, 214px\" \/><\/figure>\n\n\n\n<p><strong>El budismo: Su esencia y su desarrollo de Edward Conze<\/strong><\/p>\n\n\n\n<p>A partir de las antiguas fuentes originales -Dharma, Vinaya, Shastras, Hinayana, Mahayan- se lleva a cabo una interpretaci\u00f3n l\u00facida y profunda, que constituye una introducci\u00f3n a los principales temas y problemas del budismo. Un ensayo necesario en un mundo tan cosmopolita y plural.<\/p>\n\n\n\n<figure class=\"wp-block-image size-full\"><img loading=\"lazy\" decoding=\"async\" width=\"387\" height=\"602\" src=\"http:\/\/diariodigitalmx.com\/wp-content\/uploads\/2023\/10\/FM999971.jpg\" alt=\"\" class=\"wp-image-107625\" srcset=\"https:\/\/diariodigitalmx.com\/wp-content\/uploads\/2023\/10\/FM999971.jpg 387w, https:\/\/diariodigitalmx.com\/wp-content\/uploads\/2023\/10\/FM999971-193x300.jpg 193w\" sizes=\"(max-width: 387px) 100vw, 387px\" \/><\/figure>\n\n\n\n<p><strong>Salvador Allende. Palabra y acci\u00f3n. A 50 a\u00f1os de la victoria de Salvador Allende Gossens, Tite Calvo<\/strong><\/p>\n\n\n\n<p>A cincuenta a\u00f1os del triunfo de un movimiento popular, innovador y diverso, que puso al pueblo en el centro de la toma de decisiones, d\u00e1ndole dignidad y la posibilidad de ser agente de cambio, es imprescindible e inspirador conocer a Salvador Allende por sus palabras y difundir logros de la Unidad Popular. La FSA recoge extractos de sus discursos, entrevistas y otras fuentes, desde la victoria hasta el final de su gobierno y vida, y las intercala para formar un collage que desde distintos momentos (algunos desbordantes de alegr\u00eda y otros de tensi\u00f3n), traslucen su esencia democr\u00e1tica, convocante, consecuente, libertaria, idealista y de lucha incansable contra las injusticias sociales. Allende nos mueve hoy a so\u00f1ar y construir un mundo m\u00e1s igualitario y democr\u00e1tico para todos.<\/p>\n","protected":false},"excerpt":{"rendered":"<p>Gerson G\u00f3mez Salas El imperio perdido de Jos\u00e9 Mar\u00eda P\u00e9rez Gay Jos\u00e9 Mar\u00eda P\u00e9rez Gay relata la historia de la ca\u00edda del Imperio austroh\u00fangaro, de sus muchos pueblos, de sus grandes escritores y de sus mejores obras literarias e intelectuales. Mediante las vidas y las letras de cinco grandes escritores vieneses Hermann Broch, Robert Musil, [&hellip;]<\/p>\n","protected":false},"author":1,"featured_media":107619,"comment_status":"open","ping_status":"open","sticky":true,"template":"","format":"standard","meta":{"footnotes":""},"categories":[11,3],"tags":[],"_links":{"self":[{"href":"https:\/\/diariodigitalmx.com\/index.php\/wp-json\/wp\/v2\/posts\/107617"}],"collection":[{"href":"https:\/\/diariodigitalmx.com\/index.php\/wp-json\/wp\/v2\/posts"}],"about":[{"href":"https:\/\/diariodigitalmx.com\/index.php\/wp-json\/wp\/v2\/types\/post"}],"author":[{"embeddable":true,"href":"https:\/\/diariodigitalmx.com\/index.php\/wp-json\/wp\/v2\/users\/1"}],"replies":[{"embeddable":true,"href":"https:\/\/diariodigitalmx.com\/index.php\/wp-json\/wp\/v2\/comments?post=107617"}],"version-history":[{"count":5,"href":"https:\/\/diariodigitalmx.com\/index.php\/wp-json\/wp\/v2\/posts\/107617\/revisions"}],"predecessor-version":[{"id":107627,"href":"https:\/\/diariodigitalmx.com\/index.php\/wp-json\/wp\/v2\/posts\/107617\/revisions\/107627"}],"wp:featuredmedia":[{"embeddable":true,"href":"https:\/\/diariodigitalmx.com\/index.php\/wp-json\/wp\/v2\/media\/107619"}],"wp:attachment":[{"href":"https:\/\/diariodigitalmx.com\/index.php\/wp-json\/wp\/v2\/media?parent=107617"}],"wp:term":[{"taxonomy":"category","embeddable":true,"href":"https:\/\/diariodigitalmx.com\/index.php\/wp-json\/wp\/v2\/categories?post=107617"},{"taxonomy":"post_tag","embeddable":true,"href":"https:\/\/diariodigitalmx.com\/index.php\/wp-json\/wp\/v2\/tags?post=107617"}],"curies":[{"name":"wp","href":"https:\/\/api.w.org\/{rel}","templated":true}]}}