{"id":107631,"date":"2023-10-16T01:20:11","date_gmt":"2023-10-16T06:20:11","guid":{"rendered":"http:\/\/diariodigitalmx.com\/?p=107631"},"modified":"2023-10-16T01:20:45","modified_gmt":"2023-10-16T06:20:45","slug":"falta-de-definicion","status":"publish","type":"post","link":"https:\/\/diariodigitalmx.com\/index.php\/2023\/10\/16\/falta-de-definicion\/","title":{"rendered":"Falta de definici\u00f3n"},"content":{"rendered":"\n<p>Ixtoc Hinojosa G\u00e1ndara<\/p>\n\n\n\n<p>Antes de cualquier argumento que se presente en estos p\u00e1rrafos, perm\u00edtanme ofrecer mis m\u00e1s sinceras condolencias a los familiares, amigos y personas cercanas a los fallecidos en el conflicto generado por la Organizaci\u00f3n Terrorista Hamas. En los \u00faltimos d\u00edas hemos sido testigos de la falta de posicionamiento del Gobierno de M\u00e9xico ante los conflictos en Israel y La Franja de Gaza, lo primero que debemos preguntarnos es si esta falta de definici\u00f3n se traduce en un apoyo no expl\u00edcito hacia organizaciones terroristas y criminales. Lo dicho en l\u00edneas anteriores no solo se refiere al apoyo de organizaciones criminales en el extranjero sino tambi\u00e9n a las que desgraciadamente abundan en nuestro pa\u00eds.<\/p>\n\n\n\n<p>Adem\u00e1s de que la reacci\u00f3n presidencial fue realizada hasta dos d\u00edas despu\u00e9s de iniciado el conflicto, careci\u00f3 de condenas a actos terroristas y se mostr\u00f3 una falta de tacto pol\u00edtico. Esta administraci\u00f3n federal le gusta cobijarse bajo los principios constitucionales de la no intervenci\u00f3n y la autodeterminaci\u00f3n de los pueblos, pero es de todos conocido que lo hace a conveniencia, por ejemplo no dud\u00f3 en intervenir en la pol\u00edtica boliviana al traerse a Evo Morales y en \u00faltimos meses en la pol\u00edtica peruana al no reconocer a la Presidenta designada Boluarte. El colmo de esta falta de estrategia pol\u00edtica y de cinismo es la invitaci\u00f3n a un contingente ruso en nuestro desfile de la independencia, cuando estos \u00faltimos representan a un pa\u00eds que busca socavar la independencia de otro como Ucrania.<\/p>\n\n\n\n<p>Y no seamos ilusos, de quien depende gran parte de nuestra econom\u00eda es de los Estados Unidos de Am\u00e9rica y ellos promueven una postura pro israelita, no me refiero a que nos pongamos de rodillas ante las voluntades del gobierno estadounidense sino que nos basemos en la realidad y en lo que le conviene no solo a una \u00e9lite sino a todo el pueblo de M\u00e9xico. Exijamos a trav\u00e9s de todos los medios posibles una postura definitiva del Gobierno Federal y de las pr\u00f3ximas candidatas a la presidencia, hecho que nos har\u00e1 conocer un poco sobre sus posturas en cuanta pol\u00edtica exterior se refiere. Recuerda que siempre estoy a tus ordenes en todas mis redes y me puedes buscar como @ixtocmty<\/p>\n","protected":false},"excerpt":{"rendered":"<p>Ixtoc Hinojosa G\u00e1ndara Antes de cualquier argumento que se presente en estos p\u00e1rrafos, perm\u00edtanme ofrecer mis m\u00e1s sinceras condolencias a los familiares, amigos y personas cercanas a los fallecidos en el conflicto generado por la Organizaci\u00f3n Terrorista Hamas. En los \u00faltimos d\u00edas hemos sido testigos de la falta de posicionamiento del Gobierno de M\u00e9xico ante [&hellip;]<\/p>\n","protected":false},"author":1,"featured_media":107633,"comment_status":"open","ping_status":"open","sticky":true,"template":"","format":"standard","meta":{"footnotes":""},"categories":[12,5],"tags":[],"_links":{"self":[{"href":"https:\/\/diariodigitalmx.com\/index.php\/wp-json\/wp\/v2\/posts\/107631"}],"collection":[{"href":"https:\/\/diariodigitalmx.com\/index.php\/wp-json\/wp\/v2\/posts"}],"about":[{"href":"https:\/\/diariodigitalmx.com\/index.php\/wp-json\/wp\/v2\/types\/post"}],"author":[{"embeddable":true,"href":"https:\/\/diariodigitalmx.com\/index.php\/wp-json\/wp\/v2\/users\/1"}],"replies":[{"embeddable":true,"href":"https:\/\/diariodigitalmx.com\/index.php\/wp-json\/wp\/v2\/comments?post=107631"}],"version-history":[{"count":1,"href":"https:\/\/diariodigitalmx.com\/index.php\/wp-json\/wp\/v2\/posts\/107631\/revisions"}],"predecessor-version":[{"id":107632,"href":"https:\/\/diariodigitalmx.com\/index.php\/wp-json\/wp\/v2\/posts\/107631\/revisions\/107632"}],"wp:featuredmedia":[{"embeddable":true,"href":"https:\/\/diariodigitalmx.com\/index.php\/wp-json\/wp\/v2\/media\/107633"}],"wp:attachment":[{"href":"https:\/\/diariodigitalmx.com\/index.php\/wp-json\/wp\/v2\/media?parent=107631"}],"wp:term":[{"taxonomy":"category","embeddable":true,"href":"https:\/\/diariodigitalmx.com\/index.php\/wp-json\/wp\/v2\/categories?post=107631"},{"taxonomy":"post_tag","embeddable":true,"href":"https:\/\/diariodigitalmx.com\/index.php\/wp-json\/wp\/v2\/tags?post=107631"}],"curies":[{"name":"wp","href":"https:\/\/api.w.org\/{rel}","templated":true}]}}