{"id":107658,"date":"2023-10-16T15:54:29","date_gmt":"2023-10-16T20:54:29","guid":{"rendered":"http:\/\/diariodigitalmx.com\/?p=107658"},"modified":"2023-10-16T15:55:32","modified_gmt":"2023-10-16T20:55:32","slug":"detienen-a-jefe-policiaco-en-nl-y-estado-toma-seguridad-de-cienega-de-flores","status":"publish","type":"post","link":"https:\/\/diariodigitalmx.com\/index.php\/2023\/10\/16\/detienen-a-jefe-policiaco-en-nl-y-estado-toma-seguridad-de-cienega-de-flores\/","title":{"rendered":"Detienen a jefe polic\u00edaco en NL y Estado toma seguridad de Ci\u00e9nega de Flores"},"content":{"rendered":"\n<p>Monterrey.- Por el probable delito de secuestro agravado, fueron detenidos<br>el Secretario de Seguridad del municipio de Ci\u00e9nega de Flores, seis polic\u00edas y un juez calificador de esa localidad, en tanto el Estado tom\u00f3 el control de la seguridad.<\/p>\n\n\n\n<p>La orden de aprehensi\u00f3n fue ejecutada por agentes de Fuerza Civil, la Fiscal\u00eda estatal y la Sedena, en un operativo realizado la ma\u00f1ana de este lunes en la Secretar\u00eda de Seguridad y Tr\u00e1nsito, de Ci\u00e9nega de Flores, localidad ubicada a unos 37 kil\u00f3metros al norte de Monterrey.<\/p>\n\n\n\n<p>La informacion fue confirmada en su cuenta de Twitter Gerardo Palacios P\u00e1manes, Secretario de Seguridad estatal, quien agreg\u00f3 que tambi\u00e9n se realiz\u00f3 una intervenci\u00f3n por emergencia policial, adem\u00e1s de un pase de revista de armamento.<\/p>\n\n\n\n<p>El operativo ocurri\u00f3 afuera de la corpotaci\u00f3n municipal, donde decenas elementos de Fuerza Civil, de la Secretar\u00eda de la Defensa Nacional (Sedena) y de la Fiscal\u00eda de Justicia sitiaron el lugar, en tanto hubo tambi\u00e9n un operativo de resguardo alrededor del Palacio Municipal.<\/p>\n\n\n\n<p>Desde las 08:00 horas polic\u00edas estatales, de la Sedena y de la Fiscal\u00eda arribaron a la dependencia policiaca, ubicada en la calle Ju\u00e1rez, entre Los Trevi\u00f1o y del Pante\u00f3n, en el centro de Ci\u00e9nega de Flores en donde ejecutaron la orden de aprehensi\u00f3n.<\/p>\n\n\n\n<figure class=\"wp-block-image size-full\"><img loading=\"lazy\" decoding=\"async\" width=\"656\" height=\"431\" src=\"http:\/\/diariodigitalmx.com\/wp-content\/uploads\/2023\/10\/Screenshot_20231016-115006_Facebook.jpg\" alt=\"\" class=\"wp-image-107661\" srcset=\"https:\/\/diariodigitalmx.com\/wp-content\/uploads\/2023\/10\/Screenshot_20231016-115006_Facebook.jpg 656w, https:\/\/diariodigitalmx.com\/wp-content\/uploads\/2023\/10\/Screenshot_20231016-115006_Facebook-300x197.jpg 300w\" sizes=\"(max-width: 656px) 100vw, 656px\" \/><\/figure>\n\n\n\n<p>El titular de Seguridad abund\u00f3 que los involucrados ser\u00edan procesados por el delito de secuestro al haber exigido en uno de los casos un rescate por un monto no especificado, mientras que en el otro habr\u00edan retenido a dos personas.<\/p>\n\n\n\n<p>Actualmente Fuerza Civil tiene a su cargo la seguridad en los municipios de Linares, Hualahuises y El Carmen, grupo al que ya se uni\u00f3 Ci\u00e9nega de Flores.<\/p>\n\n\n\n<p>&#8220;En virtud de la gravedad de los hechos y de la falta en lo sucesivo de un secretario al frente, Fuerza Civil, con base en la Ley de Emergencia Policial, toma el control de la Secretar\u00eda de Seguridad P\u00fablica y Vialidad del municipio de Ci\u00e9nega de Flores por tiempo indefinido, asumiendo as\u00ed la responsabilidad de brindar seguridad p\u00fablica a los habitantes en los niveles uno y dos&#8221;, anunci\u00f3 el funcionario, quien declin\u00f3 identificar por el momento a los detenidos hasta que se realice la investigaci\u00f3n.<\/p>\n\n\n\n<p>Palacios P\u00e1manes inform\u00f3 que hasta el momento, no se ten\u00eda contemplada la toma de control de alguna otra municipalidad, al considerar que en Ci\u00e9nega de Flores, se dieron estas condiciones.<\/p>\n","protected":false},"excerpt":{"rendered":"<p>Monterrey.- Por el probable delito de secuestro agravado, fueron detenidosel Secretario de Seguridad del municipio de Ci\u00e9nega de Flores, seis polic\u00edas y un juez calificador de esa localidad, en tanto el Estado tom\u00f3 el control de la seguridad. La orden de aprehensi\u00f3n fue ejecutada por agentes de Fuerza Civil, la Fiscal\u00eda estatal y la Sedena, [&hellip;]<\/p>\n","protected":false},"author":1,"featured_media":107660,"comment_status":"open","ping_status":"open","sticky":true,"template":"","format":"standard","meta":{"footnotes":""},"categories":[6,3],"tags":[],"_links":{"self":[{"href":"https:\/\/diariodigitalmx.com\/index.php\/wp-json\/wp\/v2\/posts\/107658"}],"collection":[{"href":"https:\/\/diariodigitalmx.com\/index.php\/wp-json\/wp\/v2\/posts"}],"about":[{"href":"https:\/\/diariodigitalmx.com\/index.php\/wp-json\/wp\/v2\/types\/post"}],"author":[{"embeddable":true,"href":"https:\/\/diariodigitalmx.com\/index.php\/wp-json\/wp\/v2\/users\/1"}],"replies":[{"embeddable":true,"href":"https:\/\/diariodigitalmx.com\/index.php\/wp-json\/wp\/v2\/comments?post=107658"}],"version-history":[{"count":2,"href":"https:\/\/diariodigitalmx.com\/index.php\/wp-json\/wp\/v2\/posts\/107658\/revisions"}],"predecessor-version":[{"id":107662,"href":"https:\/\/diariodigitalmx.com\/index.php\/wp-json\/wp\/v2\/posts\/107658\/revisions\/107662"}],"wp:featuredmedia":[{"embeddable":true,"href":"https:\/\/diariodigitalmx.com\/index.php\/wp-json\/wp\/v2\/media\/107660"}],"wp:attachment":[{"href":"https:\/\/diariodigitalmx.com\/index.php\/wp-json\/wp\/v2\/media?parent=107658"}],"wp:term":[{"taxonomy":"category","embeddable":true,"href":"https:\/\/diariodigitalmx.com\/index.php\/wp-json\/wp\/v2\/categories?post=107658"},{"taxonomy":"post_tag","embeddable":true,"href":"https:\/\/diariodigitalmx.com\/index.php\/wp-json\/wp\/v2\/tags?post=107658"}],"curies":[{"name":"wp","href":"https:\/\/api.w.org\/{rel}","templated":true}]}}