{"id":107663,"date":"2023-10-16T16:32:40","date_gmt":"2023-10-16T21:32:40","guid":{"rendered":"http:\/\/diariodigitalmx.com\/?p=107663"},"modified":"2023-10-16T16:44:03","modified_gmt":"2023-10-16T21:44:03","slug":"llevan-servicios-de-ls-nueva-ruta-a-migrantes","status":"publish","type":"post","link":"https:\/\/diariodigitalmx.com\/index.php\/2023\/10\/16\/llevan-servicios-de-ls-nueva-ruta-a-migrantes\/","title":{"rendered":"Llevan servicios de la &#8220;Nueva Ruta&#8221; a migrantes"},"content":{"rendered":"\n<figure class=\"wp-block-image size-large\"><img loading=\"lazy\" decoding=\"async\" width=\"1024\" height=\"683\" src=\"http:\/\/diariodigitalmx.com\/wp-content\/uploads\/2023\/10\/image00004-3-1024x683.jpeg\" alt=\"\" class=\"wp-image-107668\" srcset=\"https:\/\/diariodigitalmx.com\/wp-content\/uploads\/2023\/10\/image00004-3-1024x683.jpeg 1024w, https:\/\/diariodigitalmx.com\/wp-content\/uploads\/2023\/10\/image00004-3-300x200.jpeg 300w, https:\/\/diariodigitalmx.com\/wp-content\/uploads\/2023\/10\/image00004-3-768x512.jpeg 768w, https:\/\/diariodigitalmx.com\/wp-content\/uploads\/2023\/10\/image00004-3-1536x1024.jpeg 1536w, https:\/\/diariodigitalmx.com\/wp-content\/uploads\/2023\/10\/image00004-3-2048x1365.jpeg 2048w\" sizes=\"(max-width: 1024px) 100vw, 1024px\" \/><\/figure>\n\n\n\n<p>MONTERREY, NL.- La Secretar\u00eda de Igualdad e Inclusi\u00f3n realiz\u00f3 una nueva jornada para atender a personas migrantes en tres puntos del \u00e1rea metropolitana de Monterrey, donde incorpor\u00f3 los servicios de la \u201cNueva Ruta en tu Comunidad\u201d.<\/p>\n\n\n\n<p>Como parte de los servicios, las personas accedieron a consultas m\u00e9dicas, psicol\u00f3gicas, nutricionales, esc\u00e1ner mamario, as\u00ed como entrega de aparatos auditivos, de movilidad, lentes, kits con productos de higiene personal, colchonetas, calzado, alimento agua, entre otros productos de utilidad.<\/p>\n\n\n\n<figure class=\"wp-block-image size-large\"><img loading=\"lazy\" decoding=\"async\" width=\"1024\" height=\"683\" src=\"http:\/\/diariodigitalmx.com\/wp-content\/uploads\/2023\/10\/image00002-2-1024x683.jpeg\" alt=\"\" class=\"wp-image-107669\" srcset=\"https:\/\/diariodigitalmx.com\/wp-content\/uploads\/2023\/10\/image00002-2-1024x683.jpeg 1024w, https:\/\/diariodigitalmx.com\/wp-content\/uploads\/2023\/10\/image00002-2-300x200.jpeg 300w, https:\/\/diariodigitalmx.com\/wp-content\/uploads\/2023\/10\/image00002-2-768x512.jpeg 768w, https:\/\/diariodigitalmx.com\/wp-content\/uploads\/2023\/10\/image00002-2-1536x1024.jpeg 1536w, https:\/\/diariodigitalmx.com\/wp-content\/uploads\/2023\/10\/image00002-2-2048x1365.jpeg 2048w\" sizes=\"(max-width: 1024px) 100vw, 1024px\" \/><\/figure>\n\n\n\n<p>En la Colonia Industrial, en Monterrey, la Secretaria Martha Herrera se\u00f1al\u00f3 que el Gobierno de Nuevo Le\u00f3n busca garantizar los derechos de las personas que transitan por el estado y una migraci\u00f3n responsable, segura y ordenada.<\/p>\n\n\n\n<p>\u201cEsta es una din\u00e1mica que hemos estado haciendo desde hace m\u00e1s de un mes, nuestra intenci\u00f3n es brindar todo el acompa\u00f1amiento para tener una movilidad humana ordenada, segura, responsable y que cuide todos los derechos humanos de las personas, todo el apoyo humanitario que se pueda dar a las personas y a las familias que est\u00e1n aqu\u00ed de paso\u201d, mencion\u00f3 la titular de Igualdad e Inclusi\u00f3n.<\/p>\n\n\n\n<figure class=\"wp-block-gallery has-nested-images columns-default is-cropped wp-block-gallery-1 is-layout-flex wp-block-gallery-is-layout-flex\">\n<figure class=\"wp-block-image size-full\"><img loading=\"lazy\" decoding=\"async\" width=\"720\" height=\"478\" data-id=\"107678\" src=\"http:\/\/diariodigitalmx.com\/wp-content\/uploads\/2023\/10\/Screenshot_20231016-154318_Gallery.jpg\" alt=\"\" class=\"wp-image-107678\" srcset=\"https:\/\/diariodigitalmx.com\/wp-content\/uploads\/2023\/10\/Screenshot_20231016-154318_Gallery.jpg 720w, https:\/\/diariodigitalmx.com\/wp-content\/uploads\/2023\/10\/Screenshot_20231016-154318_Gallery-300x199.jpg 300w\" sizes=\"(max-width: 720px) 100vw, 720px\" \/><\/figure>\n\n\n\n<figure class=\"wp-block-image size-large\"><img loading=\"lazy\" decoding=\"async\" width=\"1024\" height=\"683\" data-id=\"107675\" src=\"http:\/\/diariodigitalmx.com\/wp-content\/uploads\/2023\/10\/image00009-3-1024x683.jpeg\" alt=\"\" class=\"wp-image-107675\" srcset=\"https:\/\/diariodigitalmx.com\/wp-content\/uploads\/2023\/10\/image00009-3-1024x683.jpeg 1024w, https:\/\/diariodigitalmx.com\/wp-content\/uploads\/2023\/10\/image00009-3-300x200.jpeg 300w, https:\/\/diariodigitalmx.com\/wp-content\/uploads\/2023\/10\/image00009-3-768x512.jpeg 768w, https:\/\/diariodigitalmx.com\/wp-content\/uploads\/2023\/10\/image00009-3-1536x1024.jpeg 1536w, https:\/\/diariodigitalmx.com\/wp-content\/uploads\/2023\/10\/image00009-3-2048x1365.jpeg 2048w\" sizes=\"(max-width: 1024px) 100vw, 1024px\" \/><\/figure>\n\n\n\n<figure class=\"wp-block-image size-large\"><img loading=\"lazy\" decoding=\"async\" width=\"1024\" height=\"683\" data-id=\"107673\" src=\"http:\/\/diariodigitalmx.com\/wp-content\/uploads\/2023\/10\/image00001-1-1024x683.jpeg\" alt=\"\" class=\"wp-image-107673\" srcset=\"https:\/\/diariodigitalmx.com\/wp-content\/uploads\/2023\/10\/image00001-1-1024x683.jpeg 1024w, https:\/\/diariodigitalmx.com\/wp-content\/uploads\/2023\/10\/image00001-1-300x200.jpeg 300w, https:\/\/diariodigitalmx.com\/wp-content\/uploads\/2023\/10\/image00001-1-768x512.jpeg 768w, https:\/\/diariodigitalmx.com\/wp-content\/uploads\/2023\/10\/image00001-1-1536x1024.jpeg 1536w, https:\/\/diariodigitalmx.com\/wp-content\/uploads\/2023\/10\/image00001-1-2048x1365.jpeg 2048w\" sizes=\"(max-width: 1024px) 100vw, 1024px\" \/><\/figure>\n<\/figure>\n\n\n\n<p>La entrega de insumos comenz\u00f3 en el albergue para migrantes \u201cCasa Monarca\u201d, ubicado en el municipio de Santa Catarina; despu\u00e9s, continu\u00f3 en el parque Miguel Nieto, en la colonia Industrial y finaliz\u00f3 en la Alameda Mariano Escobedo, logrando atender a m\u00e1s de 300 personas migrantes.<\/p>\n\n\n\n<p>Adem\u00e1s se brind\u00f3 asesor\u00eda acerca del Espacio de Igualdad e Inclusi\u00f3n para Personas Migrantes, Refugiadas, Desplazadas y Retornadas (EIIPMRDR) ubicado en el Centro Comunitario Sierra Ventana, en Monterrey.<\/p>\n\n\n\n<p>Lugar \u00fanico en su tipo en el estado que ofrece orientaci\u00f3n en acceso a derechos como alimentaci\u00f3n, salud, educaci\u00f3n, empleo y vivienda, identidad, tr\u00e1mites migratorios y de refugio, asesor\u00eda legal y psicosocial, retorno asistido, enlace con consulados, estudios socioecon\u00f3micos y vinculaci\u00f3n con programas sociales.<\/p>\n\n\n\n<p>Espacio en el que colaboran el ACNUR (Alto Comisionado de las Naciones Unidas para los Refugiados), la Comisi\u00f3n Estatal de Derechos Humanos y la Organizaci\u00f3n Internacional de las Migraciones (OIM) y la CONOFAM.<\/p>\n","protected":false},"excerpt":{"rendered":"<p>MONTERREY, NL.- La Secretar\u00eda de Igualdad e Inclusi\u00f3n realiz\u00f3 una nueva jornada para atender a personas migrantes en tres puntos del \u00e1rea metropolitana de Monterrey, donde incorpor\u00f3 los servicios de la \u201cNueva Ruta en tu Comunidad\u201d. Como parte de los servicios, las personas accedieron a consultas m\u00e9dicas, psicol\u00f3gicas, nutricionales, esc\u00e1ner mamario, as\u00ed como entrega de [&hellip;]<\/p>\n","protected":false},"author":1,"featured_media":107666,"comment_status":"open","ping_status":"open","sticky":true,"template":"","format":"standard","meta":{"footnotes":""},"categories":[14,6],"tags":[],"_links":{"self":[{"href":"https:\/\/diariodigitalmx.com\/index.php\/wp-json\/wp\/v2\/posts\/107663"}],"collection":[{"href":"https:\/\/diariodigitalmx.com\/index.php\/wp-json\/wp\/v2\/posts"}],"about":[{"href":"https:\/\/diariodigitalmx.com\/index.php\/wp-json\/wp\/v2\/types\/post"}],"author":[{"embeddable":true,"href":"https:\/\/diariodigitalmx.com\/index.php\/wp-json\/wp\/v2\/users\/1"}],"replies":[{"embeddable":true,"href":"https:\/\/diariodigitalmx.com\/index.php\/wp-json\/wp\/v2\/comments?post=107663"}],"version-history":[{"count":6,"href":"https:\/\/diariodigitalmx.com\/index.php\/wp-json\/wp\/v2\/posts\/107663\/revisions"}],"predecessor-version":[{"id":107679,"href":"https:\/\/diariodigitalmx.com\/index.php\/wp-json\/wp\/v2\/posts\/107663\/revisions\/107679"}],"wp:featuredmedia":[{"embeddable":true,"href":"https:\/\/diariodigitalmx.com\/index.php\/wp-json\/wp\/v2\/media\/107666"}],"wp:attachment":[{"href":"https:\/\/diariodigitalmx.com\/index.php\/wp-json\/wp\/v2\/media?parent=107663"}],"wp:term":[{"taxonomy":"category","embeddable":true,"href":"https:\/\/diariodigitalmx.com\/index.php\/wp-json\/wp\/v2\/categories?post=107663"},{"taxonomy":"post_tag","embeddable":true,"href":"https:\/\/diariodigitalmx.com\/index.php\/wp-json\/wp\/v2\/tags?post=107663"}],"curies":[{"name":"wp","href":"https:\/\/api.w.org\/{rel}","templated":true}]}}