{"id":107690,"date":"2023-10-17T01:29:19","date_gmt":"2023-10-17T06:29:19","guid":{"rendered":"http:\/\/diariodigitalmx.com\/?p=107690"},"modified":"2023-10-17T01:30:15","modified_gmt":"2023-10-17T06:30:15","slug":"verdades-y-no-verdad","status":"publish","type":"post","link":"https:\/\/diariodigitalmx.com\/index.php\/2023\/10\/17\/verdades-y-no-verdad\/","title":{"rendered":"Verdades y no verdad"},"content":{"rendered":"\n<p>\u00d3scar Tamez Rodr\u00edguez <\/p>\n\n\n\n<p>D\u00edas atr\u00e1s vi un video de esos reenviados en cadenas y en el cual se habla de c\u00f3mo el mundo padece crisis diversas por la falta de humildad para entender que existen m\u00faltiples verdades y no una sola verdad.<\/p>\n\n\n\n<p>El \u00e9xito de la democracia se sintetiza en dos cosas: saber que pronto puedes cambiar de persona, partido o ideolog\u00eda si te equivocaste al decidir, o aparece en el mercado electoral una mejor propuesta; segundo, que se asumen la tolerancia y el respeto como fortalezas para convivir en la diversidad surgida desde la pluralidad de pensamientos.<\/p>\n\n\n\n<p>En el republicanismo democr\u00e1tico se establece un contrato social que se plasma en la Constituci\u00f3n dentro de un grupo social constituido como naci\u00f3n, sea una micronaci\u00f3n como un municipio o macro como un pa\u00eds. Para efecto es lo mismo.<\/p>\n\n\n\n<p>La Constituci\u00f3n tiene al menos tres apartados, la mexicana tiene seg\u00fan algunos, hasta cinco secciones: la dogm\u00e1tica, org\u00e1nica, program\u00e1tica, social y los art\u00edculos transitorios, cada secci\u00f3n con gran valor jur\u00eddico.<\/p>\n\n\n\n<p>Concretamente la dogm\u00e1tica nos garantiza los derechos y libertades, lo mismo de creencias religiosas, pensamiento, ideolog\u00eda pol\u00edtica, diversidad sexual, educaci\u00f3n y libertad de expresi\u00f3n, por citar algunas. Esto es gracias a vivir en una democracia republicana.<\/p>\n\n\n\n<p>Las personas tendemos a exigir que los dem\u00e1s piensen, sientan, opinen, se conduzcan y act\u00faen como nosotros lo hacemos, como creemos es lo correcto y el deber ser apropiado.<\/p>\n\n\n\n<p>No dimensionamos que cada persona responde en sus conductas a su personal y privada escala de valores axiol\u00f3gicos, sociales, c\u00edvicos y de vida. As\u00ed, aunque en la cultura mexicana el homicidio es reprobado desde los valores sociales y axiol\u00f3gicos, existen condicionantes que permiten entenderlo como un acto axiol\u00f3gicamente aceptado.<\/p>\n\n\n\n<p>Ante la incapacidad de tolerar la diversidad surgida desde la pluralidad, nos volvemos autoritarios, impositivos, excluyentes de los diferentes, de quienes no responden a nuestra escala de valores.<\/p>\n\n\n\n<p>Entendiendo lo anterior podemos comprender lo sucedido en Ucrania por parte de Rusia, una naci\u00f3n invadida por otra porque el poderoso considera que el d\u00e9bil no se somete a sus escalas de valores. Lo mismo sucede con el medio oriente, dos naciones disputando, adem\u00e1s de temas econ\u00f3micos y de poder, un asunto de ideolog\u00edas religiosas desde la intolerancia.<\/p>\n\n\n\n<p>Recientemente en la feria del libro de Monterrey tuvimos un caso similar con grupos de la diversidad sexual. Hubo intolerancia por un sector de la poblaci\u00f3n que fustig\u00f3 a los organizadores de la feria y en repuesta, intolerancia de algunos participantes quienes cancelaron su presencia ante la exclusi\u00f3n del grupo de personajes de la diversidad sexual.<\/p>\n\n\n\n<p>En los tiempos pol\u00edticos que vivimos en donde el presidente logra polarizar al pa\u00eds en buenos y malos (Usted asuma qui\u00e9n es bueno y qui\u00e9n malo), los grupos se radicalizan en su intolerancia. Los grupos que durante el sexenio fueron v\u00edctimas de la polarizaci\u00f3n, hoy agreden a quienes piensan diferente por el s\u00f3lo acto de no coincidir en ideas pol\u00edticas.<\/p>\n\n\n\n<p>Los intolerantes argumentan que el diferente est\u00e1 equivocado, lo agreden y victimizan; todo porque no se somete a la tiran\u00eda del intolerante quien cree que su verdad es la verdad.<\/p>\n\n\n\n<p>La democracia, el republicanismo y las sociedades modernas sobreviven en armon\u00eda gracias a que reconocen la existencia de m\u00faltiples verdades sobre un mismo hecho. En la paleta de colores hay matices y tonos que diferencian a un mismo color.<\/p>\n\n\n\n<p>Urge aprender a cohabitar entre la pluralidad de las verdades y abandonar la intolerancia de la verdad \u00fanica.<\/p>\n","protected":false},"excerpt":{"rendered":"<p>\u00d3scar Tamez Rodr\u00edguez D\u00edas atr\u00e1s vi un video de esos reenviados en cadenas y en el cual se habla de c\u00f3mo el mundo padece crisis diversas por la falta de humildad para entender que existen m\u00faltiples verdades y no una sola verdad. El \u00e9xito de la democracia se sintetiza en dos cosas: saber que pronto [&hellip;]<\/p>\n","protected":false},"author":1,"featured_media":107692,"comment_status":"open","ping_status":"open","sticky":true,"template":"","format":"standard","meta":{"footnotes":""},"categories":[12,5],"tags":[],"_links":{"self":[{"href":"https:\/\/diariodigitalmx.com\/index.php\/wp-json\/wp\/v2\/posts\/107690"}],"collection":[{"href":"https:\/\/diariodigitalmx.com\/index.php\/wp-json\/wp\/v2\/posts"}],"about":[{"href":"https:\/\/diariodigitalmx.com\/index.php\/wp-json\/wp\/v2\/types\/post"}],"author":[{"embeddable":true,"href":"https:\/\/diariodigitalmx.com\/index.php\/wp-json\/wp\/v2\/users\/1"}],"replies":[{"embeddable":true,"href":"https:\/\/diariodigitalmx.com\/index.php\/wp-json\/wp\/v2\/comments?post=107690"}],"version-history":[{"count":1,"href":"https:\/\/diariodigitalmx.com\/index.php\/wp-json\/wp\/v2\/posts\/107690\/revisions"}],"predecessor-version":[{"id":107691,"href":"https:\/\/diariodigitalmx.com\/index.php\/wp-json\/wp\/v2\/posts\/107690\/revisions\/107691"}],"wp:featuredmedia":[{"embeddable":true,"href":"https:\/\/diariodigitalmx.com\/index.php\/wp-json\/wp\/v2\/media\/107692"}],"wp:attachment":[{"href":"https:\/\/diariodigitalmx.com\/index.php\/wp-json\/wp\/v2\/media?parent=107690"}],"wp:term":[{"taxonomy":"category","embeddable":true,"href":"https:\/\/diariodigitalmx.com\/index.php\/wp-json\/wp\/v2\/categories?post=107690"},{"taxonomy":"post_tag","embeddable":true,"href":"https:\/\/diariodigitalmx.com\/index.php\/wp-json\/wp\/v2\/tags?post=107690"}],"curies":[{"name":"wp","href":"https:\/\/api.w.org\/{rel}","templated":true}]}}