{"id":107693,"date":"2023-10-17T07:43:01","date_gmt":"2023-10-17T12:43:01","guid":{"rendered":"http:\/\/diariodigitalmx.com\/?p=107693"},"modified":"2023-10-17T07:44:24","modified_gmt":"2023-10-17T12:44:24","slug":"los-hermanos-malqueridos","status":"publish","type":"post","link":"https:\/\/diariodigitalmx.com\/index.php\/2023\/10\/17\/los-hermanos-malqueridos\/","title":{"rendered":"Los hermanos malqueridos"},"content":{"rendered":"\n<p>De frente y de perfil <\/p>\n\n\n\n<p>Ram\u00f3n Zurita Sahag\u00fan <\/p>\n\n\n\n<p>Fue lo menos que pudo hacer Claudia Sheinbaum en su visita a Tabasco, el pasado domingo, cuando hizo un amplio reconocimiento al que se considera ser\u00e1 su coordinador de campa\u00f1a, Ad\u00e1n Augusto L\u00f3pez.<br>Lo hizo en ausencia del exaspirante a la Presidencia de la Rep\u00fablica, quien no encuentra consuelo despu\u00e9s de ser exhibida su poca empat\u00eda con los electores, lo que lo remiti\u00f3 hasta un lejano cuarto lugar.<br>Ad\u00e1n se encuentra dolido y ning\u00fan b\u00e1lsamo lo cura. Sufre y se queja constantemente del trato recibido y su marginaci\u00f3n, por lo que prefiri\u00f3 ausentarse de los lugares p\u00fablicos, hasta que fue invitado por el Presidente L\u00f3pez Obrador a dialogar con \u00e9l y mostrarle su aprecio, algo que no sirve para apaciguar la frustraci\u00f3n del exsecretario de Gobernaci\u00f3n.<br>Ad\u00e1n manifiesta a sus cercanos que \u00e9l se encontraba muy a gusto gobernado Tabasco, cuando recibi\u00f3 la invitaci\u00f3n formal de integrarse al gabinete, donde mostr\u00f3 lealtad, buen manejo de la pol\u00edtica interior y el Ejecutivo federal le dio el trato fraternal que lo impuls\u00f3 en la b\u00fasqueda de la candidatura presidencial.<br>Fue el mismo L\u00f3pez Obrador el que lo destap\u00f3 y anim\u00f3 a entrar en la refriega electoral y una y otra vez precisaba que era su hermano, tal y como lo hac\u00eda con Marcelo Ebrard.<br>Sin embargo, el descobijo sufrido en la contienda interna dej\u00f3 en claro que la hermana preferida era Claudia y no \u00e9l, tampoco Marcelo.<br>Varios de sus cercanos se lo advirtieron. Ve el trato que da a sus hermanos carnales Jos\u00e9 Ramiro, P\u00edo y Arturo, med\u00edtalo, antes de que te tropieces.<br>Ad\u00e1n no hizo caso, entr\u00f3 de lleno a la lucha, creyendo que las reglas eran claras y transparentes y hasta jug\u00f3 con su propio dinero, al no aceptar los cinco millones de pesos que le correspond\u00edan como cuota fijada por la dirigencia nacional de su partido.<br>Dicen los que pertenecen a su c\u00edrculo cercano que el gasto- inversi\u00f3n fue cercano a los 50 millones de pesos, entre los desplazamientos, el pago a asesores, la publicidad desplegada en todo el pa\u00eds, los vi\u00e1ticos y otros gastos menores.<br>Ad\u00e1n como Marcelo y Ricardo Monreal, se siente burlado y aunque se traga su coraje y hacer crecer su bilis, prefiere ausentarse por un tiempo de la actividad pol\u00edtica, esperando hacerlo cuando inicie la \u00e9poca de campa\u00f1a.<br>Por lo pronto est\u00e1 a la espera de ver que sucede con algunos de los personajes que se mantuvieron fieles a su entorno y hoy se encuentran un poco relegados de la sucesi\u00f3n en los estados.<br>El tabasque\u00f1o sabe que en su tierra el puntero es Javier May, cercano al Presidente y su eterno adversario, as\u00ed como en Chiapas Sasil de Le\u00f3n avanza en las preferencias y que sus alfiles se van quedando rezagados, al igual que sucede en Puebla.<br>Ad\u00e1n espera que no todos sus proyectos queden rebasados y entonces aceptar el ofrecimiento de ser coordinador de la campa\u00f1a presidencial de Claudia Sheinbaum.<br>Mientras tanto, el tabasque\u00f1o se dedic\u00f3 a pasear por varios lugares fuera del pa\u00eds, incluso fue a recrear sus tiempos de estudiante.<br>Ahora, ya que le pase la \u201cmuina\u201d reaparecer\u00e1 campechanamente y aceptar\u00e1 trabajar de cerca con Claudia y ser candidato al Senado y eventual coordinador de esa rama del Poder Legislativo.<br>\u2026\u2026\u2026\u2026\u2026\u2026.<br>La elecci\u00f3n de Rectoro o Rectora de la UNAM llama la atenci\u00f3n por lo tersa que ha sido hasta ahora. Diez fueron los personajes seleccionados para continuar con el tr\u00e1mite y estar\u00e1 listo para que en la primera quincena de noviembre se devele el nombre de quien regir\u00e1 la m\u00e1xima casa de estudios de M\u00e9xico; Crece la incertidumbre y las apuestas sobre si el perfil ser\u00e1 de hombre o de mujer.<br>Email: ramonzurita44@hotmail.com<br><\/p>\n","protected":false},"excerpt":{"rendered":"<p>De frente y de perfil Ram\u00f3n Zurita Sahag\u00fan Fue lo menos que pudo hacer Claudia Sheinbaum en su visita a Tabasco, el pasado domingo, cuando hizo un amplio reconocimiento al que se considera ser\u00e1 su coordinador de campa\u00f1a, Ad\u00e1n Augusto L\u00f3pez.Lo hizo en ausencia del exaspirante a la Presidencia de la Rep\u00fablica, quien no encuentra [&hellip;]<\/p>\n","protected":false},"author":1,"featured_media":107695,"comment_status":"open","ping_status":"open","sticky":true,"template":"","format":"standard","meta":{"footnotes":""},"categories":[12,5],"tags":[],"_links":{"self":[{"href":"https:\/\/diariodigitalmx.com\/index.php\/wp-json\/wp\/v2\/posts\/107693"}],"collection":[{"href":"https:\/\/diariodigitalmx.com\/index.php\/wp-json\/wp\/v2\/posts"}],"about":[{"href":"https:\/\/diariodigitalmx.com\/index.php\/wp-json\/wp\/v2\/types\/post"}],"author":[{"embeddable":true,"href":"https:\/\/diariodigitalmx.com\/index.php\/wp-json\/wp\/v2\/users\/1"}],"replies":[{"embeddable":true,"href":"https:\/\/diariodigitalmx.com\/index.php\/wp-json\/wp\/v2\/comments?post=107693"}],"version-history":[{"count":2,"href":"https:\/\/diariodigitalmx.com\/index.php\/wp-json\/wp\/v2\/posts\/107693\/revisions"}],"predecessor-version":[{"id":107696,"href":"https:\/\/diariodigitalmx.com\/index.php\/wp-json\/wp\/v2\/posts\/107693\/revisions\/107696"}],"wp:featuredmedia":[{"embeddable":true,"href":"https:\/\/diariodigitalmx.com\/index.php\/wp-json\/wp\/v2\/media\/107695"}],"wp:attachment":[{"href":"https:\/\/diariodigitalmx.com\/index.php\/wp-json\/wp\/v2\/media?parent=107693"}],"wp:term":[{"taxonomy":"category","embeddable":true,"href":"https:\/\/diariodigitalmx.com\/index.php\/wp-json\/wp\/v2\/categories?post=107693"},{"taxonomy":"post_tag","embeddable":true,"href":"https:\/\/diariodigitalmx.com\/index.php\/wp-json\/wp\/v2\/tags?post=107693"}],"curies":[{"name":"wp","href":"https:\/\/api.w.org\/{rel}","templated":true}]}}