{"id":107703,"date":"2023-10-17T11:39:00","date_gmt":"2023-10-17T16:39:00","guid":{"rendered":"http:\/\/diariodigitalmx.com\/?p=107703"},"modified":"2023-10-17T11:40:44","modified_gmt":"2023-10-17T16:40:44","slug":"en-nl-se-unen-a-protesta-nacional-del-pjf","status":"publish","type":"post","link":"https:\/\/diariodigitalmx.com\/index.php\/2023\/10\/17\/en-nl-se-unen-a-protesta-nacional-del-pjf\/","title":{"rendered":"En NL se unen a protesta nacional del PJF"},"content":{"rendered":"\n<figure class=\"wp-block-video\"><video controls src=\"http:\/\/diariodigitalmx.com\/wp-content\/uploads\/2023\/10\/VID-20231017-WA0092.mp4\"><\/video><\/figure>\n\n\n\n<p>Monterrey . &#8211; En Nuevo Le\u00f3n los<br>empleados del Poder Judicial de Federaci\u00f3n tambi\u00e9n protestaron y se unieron al movimiento nacional que demanda al Gobierno no afectar sus fideicomisos institucionales.<\/p>\n\n\n\n<p>En diversas oficinas del PJF realizaron las protestas una hora antes de iniciar sus labores, e incluso, algunos efectuaron una manifestaci\u00f3n pac\u00edfica.<\/p>\n\n\n\n<p>Sin afectar las labores, los empleados protestaron durante una hora antes de entrar a su trabajo, adem\u00e1s de colocar mantas donde demandan que se garantice sus derechos humanos.<\/p>\n\n\n\n<p>En la explanada del edificio de los Juzgados Federales en Constituci\u00f3n y Cuauht\u00e9moc, en Monterrey, se manifestaron m\u00e1s de 100 empleados con pancartas, mientras en el municipio de San Pedro, otro tanto hicieron una una manifestaci\u00f3n pac\u00edfica al exterior de las instalaciones del Poder Judicial ubicado en Lomas de San Francisco.<\/p>\n\n\n\n<figure class=\"wp-block-image size-large\"><img loading=\"lazy\" decoding=\"async\" width=\"768\" height=\"1024\" src=\"http:\/\/diariodigitalmx.com\/wp-content\/uploads\/2023\/10\/IMG-20231017-WA0091-768x1024.jpg\" alt=\"\" class=\"wp-image-107709\" srcset=\"https:\/\/diariodigitalmx.com\/wp-content\/uploads\/2023\/10\/IMG-20231017-WA0091-768x1024.jpg 768w, https:\/\/diariodigitalmx.com\/wp-content\/uploads\/2023\/10\/IMG-20231017-WA0091-225x300.jpg 225w, https:\/\/diariodigitalmx.com\/wp-content\/uploads\/2023\/10\/IMG-20231017-WA0091.jpg 960w\" sizes=\"(max-width: 768px) 100vw, 768px\" \/><\/figure>\n\n\n\n<p>En otras instalaciones ubicadas en Monterrey, en el sector llamado C\u00e9ntrika, un medio centenar de empleados tambi\u00e9n protestaron y colocaron lonas donde exij\u00edan respeto a sus derechos.<\/p>\n\n\n\n<p>D\u00e1maso P\u00e9rez Mar\u00edn, Secretario General de la Secci\u00f3n 11 del Sindicado dijo que el recorte afectar\u00eda a m\u00e1s de 45 mil empleados a nivel nacional y anunci\u00f3 que se presentar\u00e1 un escrito en el que piden autonom\u00eda pues la decisi\u00f3n de la extinci\u00f3n de los fideicomisos afectar\u00eda en gran medida al Poder Judicial.<\/p>\n\n\n\n<p>&#8220;Crea consciencia sobre el impacto que en la vida nacional tendr\u00eda la reducci\u00f3n del presupuesto y la extinci\u00f3n de fideicomisos que adem\u00e1s impiden la infraestructura de operatividad necesaria para que los trabajadores puedan llevar a cabo su labor en condiciones aceptables y adecuadas, sobre todo en \u00f3rganos jurisdiccionales de provincia en donde hay casas habilitadas como juzgados por lo que de no ampliarse las plantillas y de no sustituir el personal con licencia, impactar\u00edan gravemente la salud de los trabajadores desarrollando patolog\u00edas importantes como transtornos de sue\u00f1o, depresi\u00f3n, ansiedad&#8221;.<\/p>\n\n\n\n<p>Otro de los dirigentes de la protesta, Mario Alberto G\u00f3mez Espinoza, dijo que fue un plant\u00f3n de una hora, de 8 a 9 en diferentes sedes y dependencias del poder judicial en el Estado.<\/p>\n","protected":false},"excerpt":{"rendered":"<p>Monterrey . &#8211; En Nuevo Le\u00f3n losempleados del Poder Judicial de Federaci\u00f3n tambi\u00e9n protestaron y se unieron al movimiento nacional que demanda al Gobierno no afectar sus fideicomisos institucionales. En diversas oficinas del PJF realizaron las protestas una hora antes de iniciar sus labores, e incluso, algunos efectuaron una manifestaci\u00f3n pac\u00edfica. Sin afectar las labores, [&hellip;]<\/p>\n","protected":false},"author":1,"featured_media":107705,"comment_status":"open","ping_status":"open","sticky":true,"template":"","format":"standard","meta":{"footnotes":""},"categories":[6,3],"tags":[],"_links":{"self":[{"href":"https:\/\/diariodigitalmx.com\/index.php\/wp-json\/wp\/v2\/posts\/107703"}],"collection":[{"href":"https:\/\/diariodigitalmx.com\/index.php\/wp-json\/wp\/v2\/posts"}],"about":[{"href":"https:\/\/diariodigitalmx.com\/index.php\/wp-json\/wp\/v2\/types\/post"}],"author":[{"embeddable":true,"href":"https:\/\/diariodigitalmx.com\/index.php\/wp-json\/wp\/v2\/users\/1"}],"replies":[{"embeddable":true,"href":"https:\/\/diariodigitalmx.com\/index.php\/wp-json\/wp\/v2\/comments?post=107703"}],"version-history":[{"count":3,"href":"https:\/\/diariodigitalmx.com\/index.php\/wp-json\/wp\/v2\/posts\/107703\/revisions"}],"predecessor-version":[{"id":107710,"href":"https:\/\/diariodigitalmx.com\/index.php\/wp-json\/wp\/v2\/posts\/107703\/revisions\/107710"}],"wp:featuredmedia":[{"embeddable":true,"href":"https:\/\/diariodigitalmx.com\/index.php\/wp-json\/wp\/v2\/media\/107705"}],"wp:attachment":[{"href":"https:\/\/diariodigitalmx.com\/index.php\/wp-json\/wp\/v2\/media?parent=107703"}],"wp:term":[{"taxonomy":"category","embeddable":true,"href":"https:\/\/diariodigitalmx.com\/index.php\/wp-json\/wp\/v2\/categories?post=107703"},{"taxonomy":"post_tag","embeddable":true,"href":"https:\/\/diariodigitalmx.com\/index.php\/wp-json\/wp\/v2\/tags?post=107703"}],"curies":[{"name":"wp","href":"https:\/\/api.w.org\/{rel}","templated":true}]}}