{"id":10773,"date":"2019-08-27T15:37:49","date_gmt":"2019-08-27T20:37:49","guid":{"rendered":"http:\/\/diariodigitalmx.com\/?p=10773"},"modified":"2019-08-27T15:37:50","modified_gmt":"2019-08-27T20:37:50","slug":"cerca-de-la-meta-de-3-0-la-inflacion","status":"publish","type":"post","link":"https:\/\/diariodigitalmx.com\/index.php\/2019\/08\/27\/cerca-de-la-meta-de-3-0-la-inflacion\/","title":{"rendered":"Cerca de la meta de 3.0 % la inflaci\u00f3n"},"content":{"rendered":"\n<p>El subgobernador del Banco de M\u00e9xico (Banxico), Jonathan Heath, destac\u00f3 que la inflaci\u00f3n se est\u00e1 acercando a la meta de 3.0 por ciento, lo cual es una oportunidad para empezar a relajar la postura monetaria, es decir, bajar la tasa de referencia.<\/p>\n\n\n\n<p>Al participar en el Seminario \u201c25 Aniversario de la Autonom\u00eda del Banco de M\u00e9xico\u201d, estim\u00f3 que inflaci\u00f3n de la segunda quincena de agosto traer\u00e1 buena noticia, alrededor de 3.1 o 3.2 por ciento, \u201ceso nos sit\u00faa la inflaci\u00f3n general muy cerca nuestra meta de 3.0 por ciento\u201d.<\/p>\n\n\n\n<p>En el evento organizado por la Facultad de Econom\u00eda de la Universidad Nacional Aut\u00f3noma de M\u00e9xico (UNAM), estim\u00f3 una inflaci\u00f3n muy cerca del objetivo y una econom\u00eda \u201cvirtualmente estancada\u201d, es dif\u00edcil justificar una postura monetaria hist\u00f3ricamente elevada.<\/p>\n\n\n\n<p>\u201cMi opini\u00f3n muy personal: yo creo que ahora s\u00ed tenemos la oportunidad para empezar a relajar la posici\u00f3n monetaria. No pienso que estamos hablando de abandonar una postura restrictiva, sino hacerla menos restrictiva\u201d, agreg\u00f3.<\/p>\n\n\n\n<p>\u201cNo nos vamos a ir al otro extremo todav\u00eda, creo que las condiciones todav\u00eda no est\u00e1n ah\u00ed, pero creo que s\u00ed estamos ya entrando en fase, que puede ser muy pronto o depende que es lo que pase en los siguientes meses, va a depender mucho de los datos, de la evoluci\u00f3n de muchas variables, pero que pudiera m\u00e1s adelante empezar a relajarse\u201d, precis\u00f3.<\/p>\n\n\n\n<p>Seg\u00fan datos recientes, en la primera quincena de agosto, la inflaci\u00f3n anual se ubic\u00f3 en 3.29 por ciento, la m\u00e1s baja desde diciembre de 2016; la econom\u00eda mexicana registr\u00f3 un nulo crecimiento en el segundo trimestre del a\u00f1o; y el Banxico recort\u00f3 la tasa de referencia de 8.25 a 8.00 por ciento hace dos semanas, por primera vez en m\u00e1s de cinco a\u00f1os.<\/p>\n","protected":false},"excerpt":{"rendered":"<p>El subgobernador del Banco de M\u00e9xico (Banxico), Jonathan Heath, destac\u00f3 que la inflaci\u00f3n se est\u00e1 acercando a la meta de 3.0 por ciento, lo cual es una oportunidad para empezar a relajar la postura monetaria, es decir, bajar la tasa de referencia. Al participar en el Seminario \u201c25 Aniversario de la Autonom\u00eda del Banco de [&hellip;]<\/p>\n","protected":false},"author":1,"featured_media":10775,"comment_status":"open","ping_status":"open","sticky":true,"template":"","format":"standard","meta":{"footnotes":""},"categories":[10],"tags":[],"_links":{"self":[{"href":"https:\/\/diariodigitalmx.com\/index.php\/wp-json\/wp\/v2\/posts\/10773"}],"collection":[{"href":"https:\/\/diariodigitalmx.com\/index.php\/wp-json\/wp\/v2\/posts"}],"about":[{"href":"https:\/\/diariodigitalmx.com\/index.php\/wp-json\/wp\/v2\/types\/post"}],"author":[{"embeddable":true,"href":"https:\/\/diariodigitalmx.com\/index.php\/wp-json\/wp\/v2\/users\/1"}],"replies":[{"embeddable":true,"href":"https:\/\/diariodigitalmx.com\/index.php\/wp-json\/wp\/v2\/comments?post=10773"}],"version-history":[{"count":1,"href":"https:\/\/diariodigitalmx.com\/index.php\/wp-json\/wp\/v2\/posts\/10773\/revisions"}],"predecessor-version":[{"id":10774,"href":"https:\/\/diariodigitalmx.com\/index.php\/wp-json\/wp\/v2\/posts\/10773\/revisions\/10774"}],"wp:featuredmedia":[{"embeddable":true,"href":"https:\/\/diariodigitalmx.com\/index.php\/wp-json\/wp\/v2\/media\/10775"}],"wp:attachment":[{"href":"https:\/\/diariodigitalmx.com\/index.php\/wp-json\/wp\/v2\/media?parent=10773"}],"wp:term":[{"taxonomy":"category","embeddable":true,"href":"https:\/\/diariodigitalmx.com\/index.php\/wp-json\/wp\/v2\/categories?post=10773"},{"taxonomy":"post_tag","embeddable":true,"href":"https:\/\/diariodigitalmx.com\/index.php\/wp-json\/wp\/v2\/tags?post=10773"}],"curies":[{"name":"wp","href":"https:\/\/api.w.org\/{rel}","templated":true}]}}