{"id":107740,"date":"2023-10-18T01:04:13","date_gmt":"2023-10-18T06:04:13","guid":{"rendered":"http:\/\/diariodigitalmx.com\/?p=107740"},"modified":"2023-10-18T01:05:06","modified_gmt":"2023-10-18T06:05:06","slug":"la-popularidad-fulgurante","status":"publish","type":"post","link":"https:\/\/diariodigitalmx.com\/index.php\/2023\/10\/18\/la-popularidad-fulgurante\/","title":{"rendered":"La popularidad fulgurante"},"content":{"rendered":"\n<p>Gerson G\u00f3mez Salas <\/p>\n\n\n\n<p>Culmin\u00f3 el evento editorial de la regi\u00f3n. Lo hizo en el claroscuro. Entre la pol\u00e9mica y lo grotesco. Con personajes locales acomodaticios. En la bravata de destruir su obra. Apaciguados con solo una mano levantada.<\/p>\n\n\n\n<p>La Feria del Libro de Monterrey, organizada por el ITESM, brind\u00f3 un pobre espect\u00e1culo sobrio para los 90 a\u00f1os de la UANL.<\/p>\n\n\n\n<p>Pueblo chico, infierno grande. De ese tama\u00f1o son los temores conservadores de la principal gestora. Escribir sobre su nombre o ascendencia es brindarle brillo donde no lo tiene.<\/p>\n\n\n\n<p>A la FIL le crecieron los enanos y se le encogieron los gigantes. Derrumbaron las columnas del pensamiento cr\u00edtico.<\/p>\n\n\n\n<p>El paseo, esta ocasi\u00f3n gratuita, con la taca\u00f1er\u00eda de las editoriales y la poca solvencia financiera de los lectores. Veleta del desierto. Otro director se ir\u00e1 de su puesto. En la ciudad de M\u00e9xico a tocar puertas coyunturales.<\/p>\n\n\n\n<p>Hablar con sus pares de la obnubilada visi\u00f3n social de la educaci\u00f3n. Las amenazas juveniles de tomar la FIL por el incidente de la cancelaci\u00f3n de los cuentacuentos Drags.<\/p>\n\n\n\n<p>La escalada de autores de mediano alcance con la muestra solidaria de no participar por la censura social.<\/p>\n\n\n\n<p>El circo, maroma y teatro, en las horas finales, de las dragas incendiarias. Las miradas escandalizadas y absortas de las familias, entre los transformistas gritones y col\u00e9ricos.<\/p>\n\n\n\n<p>Viva la diversidad, muera el falso pudor.<\/p>\n\n\n\n<p>La feria del libro de Monterrey, tan desorganizada en todas las \u00e1reas, incluyendo la comunicaci\u00f3n social, cierra el tel\u00f3n entreabierto de quienes solo buscan pasar como cometas. Con su estela mortecina. Una vez al a\u00f1o. Tenues y lejanos.<\/p>\n","protected":false},"excerpt":{"rendered":"<p>Gerson G\u00f3mez Salas Culmin\u00f3 el evento editorial de la regi\u00f3n. Lo hizo en el claroscuro. Entre la pol\u00e9mica y lo grotesco. Con personajes locales acomodaticios. En la bravata de destruir su obra. Apaciguados con solo una mano levantada. La Feria del Libro de Monterrey, organizada por el ITESM, brind\u00f3 un pobre espect\u00e1culo sobrio para los [&hellip;]<\/p>\n","protected":false},"author":1,"featured_media":107742,"comment_status":"open","ping_status":"open","sticky":true,"template":"","format":"standard","meta":{"footnotes":""},"categories":[12,5],"tags":[],"_links":{"self":[{"href":"https:\/\/diariodigitalmx.com\/index.php\/wp-json\/wp\/v2\/posts\/107740"}],"collection":[{"href":"https:\/\/diariodigitalmx.com\/index.php\/wp-json\/wp\/v2\/posts"}],"about":[{"href":"https:\/\/diariodigitalmx.com\/index.php\/wp-json\/wp\/v2\/types\/post"}],"author":[{"embeddable":true,"href":"https:\/\/diariodigitalmx.com\/index.php\/wp-json\/wp\/v2\/users\/1"}],"replies":[{"embeddable":true,"href":"https:\/\/diariodigitalmx.com\/index.php\/wp-json\/wp\/v2\/comments?post=107740"}],"version-history":[{"count":2,"href":"https:\/\/diariodigitalmx.com\/index.php\/wp-json\/wp\/v2\/posts\/107740\/revisions"}],"predecessor-version":[{"id":107743,"href":"https:\/\/diariodigitalmx.com\/index.php\/wp-json\/wp\/v2\/posts\/107740\/revisions\/107743"}],"wp:featuredmedia":[{"embeddable":true,"href":"https:\/\/diariodigitalmx.com\/index.php\/wp-json\/wp\/v2\/media\/107742"}],"wp:attachment":[{"href":"https:\/\/diariodigitalmx.com\/index.php\/wp-json\/wp\/v2\/media?parent=107740"}],"wp:term":[{"taxonomy":"category","embeddable":true,"href":"https:\/\/diariodigitalmx.com\/index.php\/wp-json\/wp\/v2\/categories?post=107740"},{"taxonomy":"post_tag","embeddable":true,"href":"https:\/\/diariodigitalmx.com\/index.php\/wp-json\/wp\/v2\/tags?post=107740"}],"curies":[{"name":"wp","href":"https:\/\/api.w.org\/{rel}","templated":true}]}}