{"id":107750,"date":"2023-10-18T10:58:58","date_gmt":"2023-10-18T15:58:58","guid":{"rendered":"http:\/\/diariodigitalmx.com\/?p=107750"},"modified":"2023-10-18T11:09:44","modified_gmt":"2023-10-18T16:09:44","slug":"hasta-los-adornos-de-hallowen-se-robaba-lo-detienen-y-en-posesion-droga","status":"publish","type":"post","link":"https:\/\/diariodigitalmx.com\/index.php\/2023\/10\/18\/hasta-los-adornos-de-hallowen-se-robaba-lo-detienen-y-en-posesion-droga\/","title":{"rendered":"Hasta los adornos de Hallowen se robaba; lo detienen en posesi\u00f3n droga"},"content":{"rendered":"\n<p>Un hombre fue detenido por oficiales de la Polic\u00eda de Monterrey, por la presunta posesi\u00f3n de cinco envoltorios con sustancia s\u00f3lida, con las caracter\u00edsticas de la coca\u00edna tipo cristal, adem\u00e1s de que es investigado por presuntos robos de adornos en la Colonia Colinas de San Jer\u00f3nimo.<br>La detenci\u00f3n de Francisco G., de 48 a\u00f1os de edad, se registr\u00f3 a las 23:30 horas, en bulevar Puerta del Sol e Insurgentes, en el citado sector.<\/p>\n\n\n\n<figure class=\"wp-block-video\"><video controls src=\"http:\/\/diariodigitalmx.com\/wp-content\/uploads\/2023\/10\/VID-20231018-WA0007.mp4\"><\/video><\/figure>\n\n\n\n<p><br>Elementos de la Polic\u00eda de Monterrey realizaban labores de prevenci\u00f3n en el sector, cuando se percataron que un hombre caminaba en actitud evasiva y al verlos empez\u00f3 a correr, motivo por el cual lo siguieron y lograron detener calles m\u00e1s adelante.<br>Tras su captura y al revisarlo le encontraron cinco envoltorios de pl\u00e1stico, los cuales conten\u00edan una sustancia s\u00f3lida con las caracter\u00edsticas f\u00edsicas de la droga tipo cristal.<br>En las indagatorias los oficiales se percataron que por sus caracter\u00edsticas, presuntamente es la misma persona que ha cometido robos en domicilios de la colonia Colinas de San Jer\u00f3nimo.<br>Se presume que llega a los domicilios y se roba los adornos instalados en la fachada, con motivo del Halloween, por lo que ya es investigado.<br>Al momento de la detenci\u00f3n, Francisco G., vest\u00eda una camisola con la marca de una tienda de conveniencia, con la que tambi\u00e9n aparece en uno de los robos cometidos en dicha zona de la ciudad.<br>Las autoridades esperan las denuncias de los propietarios de las viviendas para proceder por dicho delito cometido por el presunto.<br>El hombre fue trasladado a las instalaciones de la Polic\u00eda de Monterrey, donde qued\u00f3 a disposici\u00f3n del Ministerio P\u00fablico.<\/p>\n","protected":false},"excerpt":{"rendered":"<p>Un hombre fue detenido por oficiales de la Polic\u00eda de Monterrey, por la presunta posesi\u00f3n de cinco envoltorios con sustancia s\u00f3lida, con las caracter\u00edsticas de la coca\u00edna tipo cristal, adem\u00e1s de que es investigado por presuntos robos de adornos en la Colonia Colinas de San Jer\u00f3nimo.La detenci\u00f3n de Francisco G., de 48 a\u00f1os de edad, [&hellip;]<\/p>\n","protected":false},"author":1,"featured_media":107752,"comment_status":"open","ping_status":"open","sticky":true,"template":"","format":"standard","meta":{"footnotes":""},"categories":[5,7,1],"tags":[],"_links":{"self":[{"href":"https:\/\/diariodigitalmx.com\/index.php\/wp-json\/wp\/v2\/posts\/107750"}],"collection":[{"href":"https:\/\/diariodigitalmx.com\/index.php\/wp-json\/wp\/v2\/posts"}],"about":[{"href":"https:\/\/diariodigitalmx.com\/index.php\/wp-json\/wp\/v2\/types\/post"}],"author":[{"embeddable":true,"href":"https:\/\/diariodigitalmx.com\/index.php\/wp-json\/wp\/v2\/users\/1"}],"replies":[{"embeddable":true,"href":"https:\/\/diariodigitalmx.com\/index.php\/wp-json\/wp\/v2\/comments?post=107750"}],"version-history":[{"count":10,"href":"https:\/\/diariodigitalmx.com\/index.php\/wp-json\/wp\/v2\/posts\/107750\/revisions"}],"predecessor-version":[{"id":107771,"href":"https:\/\/diariodigitalmx.com\/index.php\/wp-json\/wp\/v2\/posts\/107750\/revisions\/107771"}],"wp:featuredmedia":[{"embeddable":true,"href":"https:\/\/diariodigitalmx.com\/index.php\/wp-json\/wp\/v2\/media\/107752"}],"wp:attachment":[{"href":"https:\/\/diariodigitalmx.com\/index.php\/wp-json\/wp\/v2\/media?parent=107750"}],"wp:term":[{"taxonomy":"category","embeddable":true,"href":"https:\/\/diariodigitalmx.com\/index.php\/wp-json\/wp\/v2\/categories?post=107750"},{"taxonomy":"post_tag","embeddable":true,"href":"https:\/\/diariodigitalmx.com\/index.php\/wp-json\/wp\/v2\/tags?post=107750"}],"curies":[{"name":"wp","href":"https:\/\/api.w.org\/{rel}","templated":true}]}}