{"id":10776,"date":"2019-08-27T15:42:37","date_gmt":"2019-08-27T20:42:37","guid":{"rendered":"http:\/\/diariodigitalmx.com\/?p=10776"},"modified":"2019-08-27T15:42:38","modified_gmt":"2019-08-27T20:42:38","slug":"en-julio-tuvo-mexico-deficit-comercial","status":"publish","type":"post","link":"https:\/\/diariodigitalmx.com\/index.php\/2019\/08\/27\/en-julio-tuvo-mexico-deficit-comercial\/","title":{"rendered":"En julio, tuvo M\u00e9xico, d\u00e9ficit comercial"},"content":{"rendered":"\n<p>En julio de este a\u00f1o, la balanza comercial de mercanc\u00edas registr\u00f3 un d\u00e9ficit de mil 117 millones de d\u00f3lares, cifra 61.1 por ciento menor comparada con igual mes de 2018, cuando fue de dos mil 870 millones de d\u00f3lares, informa el Instituto Nacional de Estad\u00edstica y Geograf\u00eda (INEGI).<\/p>\n\n\n\n<p>En el documento de Informaci\u00f3n Oportuna sobre la Balanza Comercial de Mercanc\u00edas de M\u00e9xico durante julio se\u00f1ala que, con dicho monto, en los primeros siete meses del a\u00f1o la balanza comercial present\u00f3 un super\u00e1vit de dos mil 028 millones de d\u00f3lares.<\/p>\n\n\n\n<p>El organismo precisa que el valor de las exportaciones de mercanc\u00edas en julio de este a\u00f1o fue de 39 mil 301 millones, cifra que se integr\u00f3 por 37 mil 061 millones de d\u00f3lares de exportaciones no petroleras y por dos 240 millones de d\u00f3lares de petroleras.<\/p>\n\n\n\n<p>De esta forma, las exportaciones totales mostraron un aumento de 7.0 por ciento respecto a similar periodo de 2018, el cual fue resultado de un incremento de 8.6 por ciento en las exportaciones no petroleras y de una ca\u00edda de 14.1 por ciento en las petroleras.<\/p>\n\n\n\n<p>Refiere que al interior de las exportaciones no petroleras, las dirigidas a Estados Unidos avanzaron 10.6 por ciento a tasa anual, en tanto que las canalizadas al resto del mundo retrocedieron 0.3 por ciento.<\/p>\n\n\n\n<p>De acuerdo con cifras ajustadas por estacionalidad, el INEGI destaca que en julio de 2019 las exportaciones totales de mercanc\u00edas mostraron un avance mensual de 1.09 por ciento, el cual fue resultado de incrementos de 1.12 por ciento en las exportaciones no petroleras y de 0.59 en las petroleras.<\/p>\n\n\n\n<p>Respecto a las importaciones, en el s\u00e9ptimo mes de este a\u00f1o, el valor de las mercanc\u00edas importadas alcanz\u00f3 40 mil 417 millones de d\u00f3lares, monto que implic\u00f3 un alza anual de 2.0 por ciento; dicha cifra se origin\u00f3 de la combinaci\u00f3n de un crecimiento de 4.7 por ciento en importaciones no petroleras y de un descenso de 16.9 por ciento en las petroleras.<\/p>\n\n\n\n<p>Al considerar las importaciones por tipo de bien, se observ\u00f3 una variaci\u00f3n anual de 5.0 por ciento en las importaciones de bienes de uso intermedio, mientras que se presentaron disminuciones de 0.7 por ciento en las importaciones de bienes de consumo y de 16.5 por ciento en las de bienes de capital.<\/p>\n","protected":false},"excerpt":{"rendered":"<p>En julio de este a\u00f1o, la balanza comercial de mercanc\u00edas registr\u00f3 un d\u00e9ficit de mil 117 millones de d\u00f3lares, cifra 61.1 por ciento menor comparada con igual mes de 2018, cuando fue de dos mil 870 millones de d\u00f3lares, informa el Instituto Nacional de Estad\u00edstica y Geograf\u00eda (INEGI). En el documento de Informaci\u00f3n Oportuna sobre [&hellip;]<\/p>\n","protected":false},"author":1,"featured_media":10778,"comment_status":"open","ping_status":"open","sticky":true,"template":"","format":"standard","meta":{"footnotes":""},"categories":[10],"tags":[],"_links":{"self":[{"href":"https:\/\/diariodigitalmx.com\/index.php\/wp-json\/wp\/v2\/posts\/10776"}],"collection":[{"href":"https:\/\/diariodigitalmx.com\/index.php\/wp-json\/wp\/v2\/posts"}],"about":[{"href":"https:\/\/diariodigitalmx.com\/index.php\/wp-json\/wp\/v2\/types\/post"}],"author":[{"embeddable":true,"href":"https:\/\/diariodigitalmx.com\/index.php\/wp-json\/wp\/v2\/users\/1"}],"replies":[{"embeddable":true,"href":"https:\/\/diariodigitalmx.com\/index.php\/wp-json\/wp\/v2\/comments?post=10776"}],"version-history":[{"count":1,"href":"https:\/\/diariodigitalmx.com\/index.php\/wp-json\/wp\/v2\/posts\/10776\/revisions"}],"predecessor-version":[{"id":10777,"href":"https:\/\/diariodigitalmx.com\/index.php\/wp-json\/wp\/v2\/posts\/10776\/revisions\/10777"}],"wp:featuredmedia":[{"embeddable":true,"href":"https:\/\/diariodigitalmx.com\/index.php\/wp-json\/wp\/v2\/media\/10778"}],"wp:attachment":[{"href":"https:\/\/diariodigitalmx.com\/index.php\/wp-json\/wp\/v2\/media?parent=10776"}],"wp:term":[{"taxonomy":"category","embeddable":true,"href":"https:\/\/diariodigitalmx.com\/index.php\/wp-json\/wp\/v2\/categories?post=10776"},{"taxonomy":"post_tag","embeddable":true,"href":"https:\/\/diariodigitalmx.com\/index.php\/wp-json\/wp\/v2\/tags?post=10776"}],"curies":[{"name":"wp","href":"https:\/\/api.w.org\/{rel}","templated":true}]}}