{"id":107776,"date":"2023-10-18T13:44:36","date_gmt":"2023-10-18T18:44:36","guid":{"rendered":"http:\/\/diariodigitalmx.com\/?p=107776"},"modified":"2023-10-18T13:45:57","modified_gmt":"2023-10-18T18:45:57","slug":"vuelven-a-protestar-empleados-del-pjfnl","status":"publish","type":"post","link":"https:\/\/diariodigitalmx.com\/index.php\/2023\/10\/18\/vuelven-a-protestar-empleados-del-pjfnl\/","title":{"rendered":"Vuelven a protestar empleados del PJFNL"},"content":{"rendered":"\n<p>Monterrey . &#8211; Trabajadores del Poder Judicial de la Federaci\u00f3n en Nuevo Le\u00f3n volvieron a las protestas y marchas tras de que los diputados de Morena aprobaron la extinci\u00f3n de fideicomisos.<\/p>\n\n\n\n<p>&#8220;Exigimos cese a la intromisi\u00f3n al PJF porque afecta la impartici\u00f3n de Justicia&#8221; y &#8220;Respeto a la divisi\u00f3n de poderes e independencia del Poder Judicial&#8221;, fueron algunas de las demandas que plasmaron rn mantas que portaron.<\/p>\n\n\n\n<p>El movimiento de los trabajadores provoc\u00f3 algunas afecciones a la vialidad pues se formaron congestionamientos vehiculares en las avenidas en las que transitaron y que, incluso, por breves minutos bloquearon como la avenida Constituci\u00f3n.<\/p>\n\n\n\n<p>En el exterior del exterior de las instalaciones en la Colonia Lomas de San Francisco, en el municipio de San Pedro, un grupo realiz\u00f3 una protesta y, posteriormente bloquearon parcialmente la Avenida L\u00e1zaro C\u00e1rdenas.<\/p>\n\n\n\n<figure class=\"wp-block-image size-full\"><img loading=\"lazy\" decoding=\"async\" width=\"1024\" height=\"576\" src=\"http:\/\/diariodigitalmx.com\/wp-content\/uploads\/2023\/10\/IMG-20231018-WA0086.jpg\" alt=\"\" class=\"wp-image-107779\" srcset=\"https:\/\/diariodigitalmx.com\/wp-content\/uploads\/2023\/10\/IMG-20231018-WA0086.jpg 1024w, https:\/\/diariodigitalmx.com\/wp-content\/uploads\/2023\/10\/IMG-20231018-WA0086-300x169.jpg 300w, https:\/\/diariodigitalmx.com\/wp-content\/uploads\/2023\/10\/IMG-20231018-WA0086-768x432.jpg 768w\" sizes=\"(max-width: 1024px) 100vw, 1024px\" \/><\/figure>\n\n\n\n<p>Despu\u00e9s emprendieron el viaje hasta el Poder Judicial en Constituci\u00f3n y Cuauht\u00e9moc, en el centro de Monterrey, donde ya hab\u00eda otro grupo de trabajadores.<\/p>\n\n\n\n<p>A su paso, hubo cierre de carriles en avenidas como la Calzada del Valle, Avenida Ricardo Margain y Morones Prieto.<\/p>\n\n\n\n<p>Ya en el edificio del PJF en Constituci\u00f3n y Cuauht\u00e9moc, en el Centro de Monterrey, realizaron la protesta y antes, hicieron un bloqueo expr\u00e9s sobre carriles de la Avenida Constituci\u00f3n.<\/p>\n\n\n\n<figure class=\"wp-block-image size-full\"><img loading=\"lazy\" decoding=\"async\" width=\"1024\" height=\"576\" src=\"http:\/\/diariodigitalmx.com\/wp-content\/uploads\/2023\/10\/IMG-20231018-WA0085.jpg\" alt=\"\" class=\"wp-image-107782\" srcset=\"https:\/\/diariodigitalmx.com\/wp-content\/uploads\/2023\/10\/IMG-20231018-WA0085.jpg 1024w, https:\/\/diariodigitalmx.com\/wp-content\/uploads\/2023\/10\/IMG-20231018-WA0085-300x169.jpg 300w, https:\/\/diariodigitalmx.com\/wp-content\/uploads\/2023\/10\/IMG-20231018-WA0085-768x432.jpg 768w\" sizes=\"(max-width: 1024px) 100vw, 1024px\" \/><\/figure>\n\n\n\n<p>Cuellos de botella y congestionamientos fueron los efectos sobre la vialidad en donde oficiales de Tr\u00e1nsito agilizaban la circulaci\u00f3n adem\u00e1s de evitar alg\u00fan accidente.<\/p>\n\n\n\n<p>Este fue el tercer d\u00eda en que los empleados del PJFNl salieron a protestar a la calle por la desaparici\u00f3n de los 13 fideicomisos.<\/p>\n","protected":false},"excerpt":{"rendered":"<p>Monterrey . &#8211; Trabajadores del Poder Judicial de la Federaci\u00f3n en Nuevo Le\u00f3n volvieron a las protestas y marchas tras de que los diputados de Morena aprobaron la extinci\u00f3n de fideicomisos. &#8220;Exigimos cese a la intromisi\u00f3n al PJF porque afecta la impartici\u00f3n de Justicia&#8221; y &#8220;Respeto a la divisi\u00f3n de poderes e independencia del Poder [&hellip;]<\/p>\n","protected":false},"author":1,"featured_media":107778,"comment_status":"open","ping_status":"open","sticky":true,"template":"","format":"standard","meta":{"footnotes":""},"categories":[6,3],"tags":[],"_links":{"self":[{"href":"https:\/\/diariodigitalmx.com\/index.php\/wp-json\/wp\/v2\/posts\/107776"}],"collection":[{"href":"https:\/\/diariodigitalmx.com\/index.php\/wp-json\/wp\/v2\/posts"}],"about":[{"href":"https:\/\/diariodigitalmx.com\/index.php\/wp-json\/wp\/v2\/types\/post"}],"author":[{"embeddable":true,"href":"https:\/\/diariodigitalmx.com\/index.php\/wp-json\/wp\/v2\/users\/1"}],"replies":[{"embeddable":true,"href":"https:\/\/diariodigitalmx.com\/index.php\/wp-json\/wp\/v2\/comments?post=107776"}],"version-history":[{"count":3,"href":"https:\/\/diariodigitalmx.com\/index.php\/wp-json\/wp\/v2\/posts\/107776\/revisions"}],"predecessor-version":[{"id":107783,"href":"https:\/\/diariodigitalmx.com\/index.php\/wp-json\/wp\/v2\/posts\/107776\/revisions\/107783"}],"wp:featuredmedia":[{"embeddable":true,"href":"https:\/\/diariodigitalmx.com\/index.php\/wp-json\/wp\/v2\/media\/107778"}],"wp:attachment":[{"href":"https:\/\/diariodigitalmx.com\/index.php\/wp-json\/wp\/v2\/media?parent=107776"}],"wp:term":[{"taxonomy":"category","embeddable":true,"href":"https:\/\/diariodigitalmx.com\/index.php\/wp-json\/wp\/v2\/categories?post=107776"},{"taxonomy":"post_tag","embeddable":true,"href":"https:\/\/diariodigitalmx.com\/index.php\/wp-json\/wp\/v2\/tags?post=107776"}],"curies":[{"name":"wp","href":"https:\/\/api.w.org\/{rel}","templated":true}]}}