{"id":107840,"date":"2023-10-19T01:02:59","date_gmt":"2023-10-19T06:02:59","guid":{"rendered":"http:\/\/diariodigitalmx.com\/?p=107840"},"modified":"2023-10-19T01:03:45","modified_gmt":"2023-10-19T06:03:45","slug":"la-multitud-efimera","status":"publish","type":"post","link":"https:\/\/diariodigitalmx.com\/index.php\/2023\/10\/19\/la-multitud-efimera\/","title":{"rendered":"La multitud ef\u00edmera"},"content":{"rendered":"\n<p><br>Gerson G\u00f3mez Salas<br>Todas las tardes se arremolinan. Es la \u00fanica calle de subida al cerro. Ah\u00ed eligieron desmontar el terreno. De precaristas usando burros en terrenos \u00e1lgidos. Ahora, el concreto con estr\u00edas para evitar el derrape.<br>La zona sigue deprimida. Es caldo de cultivo para muchos. Entre las callejuelas esconden el guato de mota, las piedras de coca\u00edna y el super destructivo cristal.<br>Vecindario dif\u00edcil hasta para las granaderas de la Gendarmer\u00eda Nacional. Prefieren dejar al ajuste de cuentas entre los vendedores. Conviven entre los chacales y rufianes, familias de bien.<br>Ellas usan los escarabajos, ese famoso veh\u00edculo alem\u00e1n, a precio de 25 pesos por usuario. Es eso o avent\u00e1rselo a pat\u00edn.<br>El a\u00f1o anterior pagaban 10 pesos. Luego, los mismos due\u00f1os de la zona, comenzaron a pedir piso. Ni modo. Subir la serran\u00eda urbana cansa. A eso a\u00f1ada la crisis h\u00eddrica. Sin agua para darse una ducha o para beber de las llaves en las viviendas. Incluso las comunitarias est\u00e1n secas.<br>Acostumbrados a las r\u00e1fagas de metralleta. Apenas pardea la calle se encierran. Doble candado de por medio. Las mascotas se van para adentro.<br>Vender e irse a otra parte, ni locos. Est\u00e1n a tiro de piedra del primer cuadro de la ciudad. El terreno y la casa valen cero. En sano juicio, comprar problemas ser\u00eda lo \u00faltimo.<br>Aqu\u00ed viene de nuevo la tanda de 10 escarabajos. Uno tras otro suben apretados. Dos a tres tripulantes junto al conductor.<br>En pura primera la subida. Ruge el motor. De bajada en segunda. Ya sali\u00f3 para cubrir los pendientes de la semana. Ma\u00f1ana, Dios dir\u00e1.<\/p>\n","protected":false},"excerpt":{"rendered":"<p>Gerson G\u00f3mez SalasTodas las tardes se arremolinan. Es la \u00fanica calle de subida al cerro. Ah\u00ed eligieron desmontar el terreno. De precaristas usando burros en terrenos \u00e1lgidos. Ahora, el concreto con estr\u00edas para evitar el derrape.La zona sigue deprimida. Es caldo de cultivo para muchos. Entre las callejuelas esconden el guato de mota, las piedras [&hellip;]<\/p>\n","protected":false},"author":1,"featured_media":107842,"comment_status":"open","ping_status":"open","sticky":true,"template":"","format":"standard","meta":{"footnotes":""},"categories":[14,12],"tags":[],"_links":{"self":[{"href":"https:\/\/diariodigitalmx.com\/index.php\/wp-json\/wp\/v2\/posts\/107840"}],"collection":[{"href":"https:\/\/diariodigitalmx.com\/index.php\/wp-json\/wp\/v2\/posts"}],"about":[{"href":"https:\/\/diariodigitalmx.com\/index.php\/wp-json\/wp\/v2\/types\/post"}],"author":[{"embeddable":true,"href":"https:\/\/diariodigitalmx.com\/index.php\/wp-json\/wp\/v2\/users\/1"}],"replies":[{"embeddable":true,"href":"https:\/\/diariodigitalmx.com\/index.php\/wp-json\/wp\/v2\/comments?post=107840"}],"version-history":[{"count":1,"href":"https:\/\/diariodigitalmx.com\/index.php\/wp-json\/wp\/v2\/posts\/107840\/revisions"}],"predecessor-version":[{"id":107841,"href":"https:\/\/diariodigitalmx.com\/index.php\/wp-json\/wp\/v2\/posts\/107840\/revisions\/107841"}],"wp:featuredmedia":[{"embeddable":true,"href":"https:\/\/diariodigitalmx.com\/index.php\/wp-json\/wp\/v2\/media\/107842"}],"wp:attachment":[{"href":"https:\/\/diariodigitalmx.com\/index.php\/wp-json\/wp\/v2\/media?parent=107840"}],"wp:term":[{"taxonomy":"category","embeddable":true,"href":"https:\/\/diariodigitalmx.com\/index.php\/wp-json\/wp\/v2\/categories?post=107840"},{"taxonomy":"post_tag","embeddable":true,"href":"https:\/\/diariodigitalmx.com\/index.php\/wp-json\/wp\/v2\/tags?post=107840"}],"curies":[{"name":"wp","href":"https:\/\/api.w.org\/{rel}","templated":true}]}}